{"id":13072,"date":"2017-10-16T13:59:48","date_gmt":"2017-10-16T18:59:48","guid":{"rendered":"https:\/\/mondedesylvieetpierre.ca\/voyage\/?p=13072"},"modified":"2023-03-07T10:30:56","modified_gmt":"2023-03-07T15:30:56","slug":"croisiere-de-europe-de-louest-2017","status":"publish","type":"post","link":"https:\/\/mondedesylvieetpierre.ca\/voyage\/?p=13072","title":{"rendered":"Croisi\u00e8re de Europe de l&rsquo;Ouest en 2017"},"content":{"rendered":"\t\t<div data-elementor-type=\"wp-post\" data-elementor-id=\"13072\" class=\"elementor elementor-13072\" data-elementor-post-type=\"post\">\n\t\t\t\t\t\t<section class=\"elementor-section elementor-top-section elementor-element elementor-element-1fe723da elementor-section-boxed elementor-section-height-default elementor-section-height-default\" data-id=\"1fe723da\" data-element_type=\"section\" data-e-type=\"section\">\n\t\t\t\t\t\t<div class=\"elementor-container elementor-column-gap-default\">\n\t\t\t\t\t<div class=\"elementor-column elementor-col-100 elementor-top-column elementor-element elementor-element-2b70715f\" data-id=\"2b70715f\" data-element_type=\"column\" data-e-type=\"column\">\n\t\t\t<div class=\"elementor-widget-wrap elementor-element-populated\">\n\t\t\t\t\t\t<div class=\"elementor-element elementor-element-2fb8ac3e elementor-widget elementor-widget-heading\" data-id=\"2fb8ac3e\" data-element_type=\"widget\" data-e-type=\"widget\" data-widget_type=\"heading.default\">\n\t\t\t\t\t<h2 class=\"elementor-heading-title elementor-size-large\">Croisi\u00e8re<br \/>\nde l'Europe de l'Ouest<br \/>\nen 2017<\/h2>\t\t\t\t<\/div>\n\t\t\t\t\t<\/div>\n\t\t<\/div>\n\t\t\t\t\t<\/div>\n\t\t<\/section>\n\t\t\t\t<section class=\"elementor-section elementor-top-section elementor-element elementor-element-5e5d2c71 elementor-section-boxed elementor-section-height-default elementor-section-height-default\" data-id=\"5e5d2c71\" data-element_type=\"section\" data-e-type=\"section\">\n\t\t\t\t\t\t<div class=\"elementor-container elementor-column-gap-default\">\n\t\t\t\t\t<div class=\"elementor-column elementor-col-100 elementor-top-column elementor-element elementor-element-7f9c1d68\" data-id=\"7f9c1d68\" data-element_type=\"column\" data-e-type=\"column\">\n\t\t\t<div class=\"elementor-widget-wrap elementor-element-populated\">\n\t\t\t\t\t\t<div class=\"elementor-element elementor-element-419a9550 elementor-widget elementor-widget-image\" data-id=\"419a9550\" data-element_type=\"widget\" data-e-type=\"widget\" data-widget_type=\"image.default\">\n\t\t\t\t\t\t\t\t\t\t\t\t\t\t\t<img decoding=\"async\" width=\"932\" height=\"50\" src=\"https:\/\/mondedesylvieetpierre.ca\/voyage\/wp-content\/uploads\/2016\/12\/Cruise_liner.png\" class=\"attachment-pixelwars_theme_image_size_nullx500 size-pixelwars_theme_image_size_nullx500 wp-image-12225\" alt=\"\" srcset=\"https:\/\/mondedesylvieetpierre.ca\/voyage\/wp-content\/uploads\/2016\/12\/Cruise_liner.png 932w, https:\/\/mondedesylvieetpierre.ca\/voyage\/wp-content\/uploads\/2016\/12\/Cruise_liner-300x16.png 300w, https:\/\/mondedesylvieetpierre.ca\/voyage\/wp-content\/uploads\/2016\/12\/Cruise_liner-768x41.png 768w\" sizes=\"(max-width: 932px) 100vw, 932px\" \/>\t\t\t\t\t\t\t\t\t\t\t\t\t\t\t<\/div>\n\t\t\t\t\t<\/div>\n\t\t<\/div>\n\t\t\t\t\t<\/div>\n\t\t<\/section>\n\t\t\t\t<section class=\"elementor-section elementor-top-section elementor-element elementor-element-47cf7f4d elementor-section-boxed elementor-section-height-default elementor-section-height-default\" data-id=\"47cf7f4d\" data-element_type=\"section\" data-e-type=\"section\">\n\t\t\t\t\t\t<div class=\"elementor-container elementor-column-gap-default\">\n\t\t\t\t\t<div class=\"elementor-column elementor-col-100 elementor-top-column elementor-element elementor-element-6f1340f1\" data-id=\"6f1340f1\" data-element_type=\"column\" data-e-type=\"column\">\n\t\t\t<div class=\"elementor-widget-wrap elementor-element-populated\">\n\t\t\t\t\t\t<div class=\"elementor-element elementor-element-53be051b elementor-widget elementor-widget-text-editor\" data-id=\"53be051b\" data-element_type=\"widget\" data-e-type=\"widget\" data-widget_type=\"text-editor.default\">\n\t\t\t\t\t\t\t\t\t<table border=\"0\" width=\"100%\" cellspacing=\"10\" align=\"center\">\n<tbody>\n<tr>\n<th class=\"menugroslettre\" colspan=\"2\" scope=\"col\" width=\"90%\">MENU DE LA CROISI\u00c8RE DE L&rsquo;EUROPE DE L&rsquo;OUEST<\/th>\n<\/tr>\n<tr>\n<th scope=\"row\" align=\"left\" valign=\"middle\" width=\"12%\">Aux&nbsp;Pays-Bas&nbsp;:<\/th>\n<td align=\"left\" valign=\"middle\"><a href=\"https:\/\/mondedesylvieetpierre.ca\/voyage\/?page_id=13102\">Amsterdam<\/a> \u2014 <a href=\"https:\/\/mondedesylvieetpierre.ca\/voyage\/?page_id=13104\">Flessingue<\/a><\/td>\n<\/tr>\n<tr>\n<th scope=\"row\" align=\"left\" valign=\"middle\" width=\"12%\">Au&nbsp;Portugal&nbsp;:<\/th>\n<td align=\"left\" valign=\"middle\"><a href=\"https:\/\/mondedesylvieetpierre.ca\/voyage\/?page_id=13116\">Cascais<\/a> \u2014 <a href=\"https:\/\/mondedesylvieetpierre.ca\/voyage\/?page_id=13122\">Lisbonne<\/a> \u2014 <a href=\"https:\/\/mondedesylvieetpierre.ca\/voyage\/?page_id=13130\">Sintra<\/a><\/td>\n<\/tr>\n<tr>\n<th scope=\"row\" align=\"left\" valign=\"middle\" width=\"12%\">En&nbsp;Belgique&nbsp;:<\/th>\n<td align=\"left\" valign=\"middle\"><a href=\"https:\/\/mondedesylvieetpierre.ca\/voyage\/?page_id=13112\">Anvers<\/a> \u2014 <a href=\"https:\/\/mondedesylvieetpierre.ca\/voyage\/?page_id=13106\">Bruxelles<\/a><\/td>\n<\/tr>\n<tr>\n<th scope=\"row\" align=\"left\" valign=\"middle\" width=\"12%\">En&nbsp;France&nbsp;:<\/th>\n<td align=\"left\" valign=\"middle\"><a href=\"https:\/\/mondedesylvieetpierre.ca\/voyage\/?page_id=13108\">Bordeaux<\/a> \u2014 <a href=\"https:\/\/mondedesylvieetpierre.ca\/voyage\/?page_id=13110\">Brest<\/a> \u2014 <a href=\"https:\/\/mondedesylvieetpierre.ca\/voyage\/?page_id=13120\">La&nbsp;Rochelle<\/a> \u2014 <a href=\"https:\/\/mondedesylvieetpierre.ca\/voyage\/?page_id=13126\">Saint-\u00c9milion<\/a><\/td>\n<\/tr>\n<tr>\n<th scope=\"row\" align=\"left\" valign=\"middle\" width=\"12%\">En&nbsp;Espagne&nbsp;:<\/th>\n<td align=\"left\" valign=\"middle\"><a href=\"https:\/\/mondedesylvieetpierre.ca\/voyage\/?page_id=13114\">Barcelone<\/a> \u2014 <a href=\"https:\/\/mondedesylvieetpierre.ca\/voyage\/?page_id=13128\">Santander<\/a><\/td>\n<\/tr>\n<tr>\n<th scope=\"row\" align=\"left\" valign=\"middle\" width=\"12%\">En&nbsp;territoire<br \/>britannique&nbsp;:<\/th>\n<td align=\"left\" valign=\"middle\"><a href=\"https:\/\/mondedesylvieetpierre.ca\/voyage\/?page_id=13118\">Gibraltar<\/a><\/td>\n<\/tr>\n<tr>\n<th scope=\"row\" align=\"left\" valign=\"middle\" width=\"12%\">Le&nbsp;bateau&nbsp;:<\/th>\n<td align=\"left\" valign=\"middle\"><a href=\"https:\/\/mondedesylvieetpierre.ca\/voyage\/?page_id=13124\">MS&nbsp;Prinsendam<\/a><\/td>\n<\/tr>\n<\/tbody>\n<\/table>\t\t\t\t\t\t\t\t<\/div>\n\t\t\t\t\t<\/div>\n\t\t<\/div>\n\t\t\t\t\t<\/div>\n\t\t<\/section>\n\t\t\t\t<section class=\"elementor-section elementor-top-section elementor-element elementor-element-1ca34d51 elementor-section-boxed elementor-section-height-default elementor-section-height-default\" data-id=\"1ca34d51\" data-element_type=\"section\" data-e-type=\"section\">\n\t\t\t\t\t\t<div class=\"elementor-container elementor-column-gap-default\">\n\t\t\t\t\t<div class=\"elementor-column elementor-col-100 elementor-top-column elementor-element elementor-element-696ccde6\" data-id=\"696ccde6\" data-element_type=\"column\" data-e-type=\"column\">\n\t\t\t<div class=\"elementor-widget-wrap elementor-element-populated\">\n\t\t\t\t\t\t<div class=\"elementor-element elementor-element-71a5fef6 elementor-widget-divider--view-line_text elementor-widget-divider--element-align-center elementor-widget elementor-widget-divider\" data-id=\"71a5fef6\" data-element_type=\"widget\" data-e-type=\"widget\" data-widget_type=\"divider.default\">\n\t\t\t\t\t\t\t<div class=\"elementor-divider\">\n\t\t\t<span class=\"elementor-divider-separator\">\n\t\t\t\t\t\t\t<span class=\"elementor-divider__text elementor-divider__element\">\n\t\t\t\tINFO-VOYAGE\t\t\t\t<\/span>\n\t\t\t\t\t\t<\/span>\n\t\t<\/div>\n\t\t\t\t\t\t<\/div>\n\t\t\t\t\t<\/div>\n\t\t<\/div>\n\t\t\t\t\t<\/div>\n\t\t<\/section>\n\t\t\t\t<section class=\"elementor-section elementor-top-section elementor-element elementor-element-2d580d33 elementor-section-boxed elementor-section-height-default elementor-section-height-default\" data-id=\"2d580d33\" data-element_type=\"section\" data-e-type=\"section\">\n\t\t\t\t\t\t<div class=\"elementor-container elementor-column-gap-default\">\n\t\t\t\t\t<div class=\"elementor-column elementor-col-100 elementor-top-column elementor-element elementor-element-6a73c6a1\" data-id=\"6a73c6a1\" data-element_type=\"column\" data-e-type=\"column\">\n\t\t\t<div class=\"elementor-widget-wrap elementor-element-populated\">\n\t\t\t\t\t\t<div class=\"elementor-element elementor-element-a9b28af elementor-widget elementor-widget-gallery\" data-id=\"a9b28af\" data-element_type=\"widget\" data-e-type=\"widget\" data-settings=\"{&quot;columns&quot;:2,&quot;overlay_title&quot;:&quot;caption&quot;,&quot;lazyload&quot;:&quot;yes&quot;,&quot;gallery_layout&quot;:&quot;grid&quot;,&quot;columns_tablet&quot;:2,&quot;columns_mobile&quot;:1,&quot;gap&quot;:{&quot;unit&quot;:&quot;px&quot;,&quot;size&quot;:10,&quot;sizes&quot;:[]},&quot;gap_tablet&quot;:{&quot;unit&quot;:&quot;px&quot;,&quot;size&quot;:10,&quot;sizes&quot;:[]},&quot;gap_mobile&quot;:{&quot;unit&quot;:&quot;px&quot;,&quot;size&quot;:10,&quot;sizes&quot;:[]},&quot;link_to&quot;:&quot;file&quot;,&quot;aspect_ratio&quot;:&quot;3:2&quot;,&quot;overlay_background&quot;:&quot;yes&quot;,&quot;content_hover_animation&quot;:&quot;fade-in&quot;}\" data-widget_type=\"gallery.default\">\n\t\t\t\t\t\t\t<div class=\"elementor-gallery__container\">\n\t\t\t\t\t\t\t<a class=\"e-gallery-item elementor-gallery-item elementor-animated-content\" href=\"https:\/\/mondedesylvieetpierre.ca\/voyage\/wp-content\/uploads\/2017\/10\/Bruxelles-Sony-08043.jpg\" data-elementor-open-lightbox=\"yes\" data-elementor-lightbox-slideshow=\"a9b28af\" data-elementor-lightbox-title=\"Bruxelles-Sony-08043\" data-e-action-hash=\"#elementor-action%3Aaction%3Dlightbox%26settings%3DeyJpZCI6MTMwODAsInVybCI6Imh0dHBzOlwvXC9tb25kZWRlc3lsdmllZXRwaWVycmUuY2FcL3ZveWFnZVwvd3AtY29udGVudFwvdXBsb2Fkc1wvMjAxN1wvMTBcL0JydXhlbGxlcy1Tb255LTA4MDQzLmpwZyIsInNsaWRlc2hvdyI6ImE5YjI4YWYifQ%3D%3D\">\n\t\t\t\t\t<div class=\"e-gallery-image elementor-gallery-item__image\" data-thumbnail=\"https:\/\/mondedesylvieetpierre.ca\/voyage\/wp-content\/uploads\/2017\/10\/Bruxelles-Sony-08043-600x400.jpg\" data-width=\"600\" data-height=\"400\" aria-label=\"\" role=\"img\" ><\/div>\n\t\t\t\t\t\t\t\t\t\t\t<div class=\"elementor-gallery-item__overlay\"><\/div>\n\t\t\t\t\t\t\t\t\t\t\t\t\t\t\t<div class=\"elementor-gallery-item__content\">\n\t\t\t\t\t\t\t\t\t\t\t\t\t\t<div class=\"elementor-gallery-item__title\">\n\t\t\t\t\t\t\t\t\t\t\t\t\t\t\t\t\t\tL\u2019Atomium est un monument de Bruxelles, en Belgique, construit \u00e0 l'occasion de l'Exposition universelle de 1958 et repr\u00e9sentant la maille conventionnelle du cristal de fer agrandie 165 milliards de fois.\t\t\t\t\t\t\t\t<\/div>\n\t\t\t\t\t\t\t\t\t\t\t\t<\/div>\n\t\t\t\t\t\t\t\t\t<\/a>\n\t\t\t\t\t\t\t<a class=\"e-gallery-item elementor-gallery-item elementor-animated-content\" href=\"https:\/\/mondedesylvieetpierre.ca\/voyage\/wp-content\/uploads\/2017\/10\/Gibraltar-Nikon-2910.jpg\" data-elementor-open-lightbox=\"yes\" data-elementor-lightbox-slideshow=\"a9b28af\" data-elementor-lightbox-title=\"Gibraltar-Nikon-2910\" data-e-action-hash=\"#elementor-action%3Aaction%3Dlightbox%26settings%3DeyJpZCI6MTMwODEsInVybCI6Imh0dHBzOlwvXC9tb25kZWRlc3lsdmllZXRwaWVycmUuY2FcL3ZveWFnZVwvd3AtY29udGVudFwvdXBsb2Fkc1wvMjAxN1wvMTBcL0dpYnJhbHRhci1OaWtvbi0yOTEwLmpwZyIsInNsaWRlc2hvdyI6ImE5YjI4YWYifQ%3D%3D\">\n\t\t\t\t\t<div class=\"e-gallery-image elementor-gallery-item__image\" data-thumbnail=\"https:\/\/mondedesylvieetpierre.ca\/voyage\/wp-content\/uploads\/2017\/10\/Gibraltar-Nikon-2910-600x400.jpg\" data-width=\"600\" data-height=\"400\" aria-label=\"\" role=\"img\" ><\/div>\n\t\t\t\t\t\t\t\t\t\t\t<div class=\"elementor-gallery-item__overlay\"><\/div>\n\t\t\t\t\t\t\t\t\t\t\t\t\t\t\t<div class=\"elementor-gallery-item__content\">\n\t\t\t\t\t\t\t\t\t\t\t\t\t\t<div class=\"elementor-gallery-item__title\">\n\t\t\t\t\t\t\t\t\t\t\t\t\t\t\t\t\t\tGibraltar est un territoire britannique d'outre-mer, situ\u00e9 au sud de la p\u00e9ninsule Ib\u00e9rique, en bordure du d\u00e9troit de Gibraltar qui relie la M\u00e9diterran\u00e9e \u00e0 l'oc\u00e9an Atlantique.\t\t\t\t\t\t\t\t<\/div>\n\t\t\t\t\t\t\t\t\t\t\t\t<\/div>\n\t\t\t\t\t\t\t\t\t<\/a>\n\t\t\t\t\t\t\t<a class=\"e-gallery-item elementor-gallery-item elementor-animated-content\" href=\"https:\/\/mondedesylvieetpierre.ca\/voyage\/wp-content\/uploads\/2017\/10\/La-Rochelle-Nikon-1616.jpg\" data-elementor-open-lightbox=\"yes\" data-elementor-lightbox-slideshow=\"a9b28af\" data-elementor-lightbox-title=\"La-Rochelle-Nikon-1616\" data-e-action-hash=\"#elementor-action%3Aaction%3Dlightbox%26settings%3DeyJpZCI6MTMwODIsInVybCI6Imh0dHBzOlwvXC9tb25kZWRlc3lsdmllZXRwaWVycmUuY2FcL3ZveWFnZVwvd3AtY29udGVudFwvdXBsb2Fkc1wvMjAxN1wvMTBcL0xhLVJvY2hlbGxlLU5pa29uLTE2MTYuanBnIiwic2xpZGVzaG93IjoiYTliMjhhZiJ9\">\n\t\t\t\t\t<div class=\"e-gallery-image elementor-gallery-item__image\" data-thumbnail=\"https:\/\/mondedesylvieetpierre.ca\/voyage\/wp-content\/uploads\/2017\/10\/La-Rochelle-Nikon-1616-600x400.jpg\" data-width=\"600\" data-height=\"400\" aria-label=\"\" role=\"img\" ><\/div>\n\t\t\t\t\t\t\t\t\t\t\t<div class=\"elementor-gallery-item__overlay\"><\/div>\n\t\t\t\t\t\t\t\t\t\t\t\t\t\t\t<div class=\"elementor-gallery-item__content\">\n\t\t\t\t\t\t\t\t\t\t\t\t\t\t<div class=\"elementor-gallery-item__title\">\n\t\t\t\t\t\t\t\t\t\t\t\t\t\t\t\t\t\tFort Boyard est une fortification situ\u00e9 entre l' \u00cele-d\u2019Aix et l' \u00cele d\u2019Ol\u00e9ron dans le d\u00e9troit d\u2019Antioche de Pertuis , sur la c\u00f4te ouest de la France et est le lieu de tournage pour le jeu t\u00e9l\u00e9vis\u00e9 de TV du m\u00eame nom.\t\t\t\t\t\t\t\t<\/div>\n\t\t\t\t\t\t\t\t\t\t\t\t<\/div>\n\t\t\t\t\t\t\t\t\t<\/a>\n\t\t\t\t\t\t\t<a class=\"e-gallery-item elementor-gallery-item elementor-animated-content\" href=\"https:\/\/mondedesylvieetpierre.ca\/voyage\/wp-content\/uploads\/2017\/10\/Lisbonne-Nikon-2172.jpg\" data-elementor-open-lightbox=\"yes\" data-elementor-lightbox-slideshow=\"a9b28af\" data-elementor-lightbox-title=\"Lisbonne-Nikon-2172\" data-e-action-hash=\"#elementor-action%3Aaction%3Dlightbox%26settings%3DeyJpZCI6MTMwODMsInVybCI6Imh0dHBzOlwvXC9tb25kZWRlc3lsdmllZXRwaWVycmUuY2FcL3ZveWFnZVwvd3AtY29udGVudFwvdXBsb2Fkc1wvMjAxN1wvMTBcL0xpc2Jvbm5lLU5pa29uLTIxNzIuanBnIiwic2xpZGVzaG93IjoiYTliMjhhZiJ9\">\n\t\t\t\t\t<div class=\"e-gallery-image elementor-gallery-item__image\" data-thumbnail=\"https:\/\/mondedesylvieetpierre.ca\/voyage\/wp-content\/uploads\/2017\/10\/Lisbonne-Nikon-2172-600x400.jpg\" data-width=\"600\" data-height=\"400\" aria-label=\"\" role=\"img\" ><\/div>\n\t\t\t\t\t\t\t\t\t\t\t<div class=\"elementor-gallery-item__overlay\"><\/div>\n\t\t\t\t\t\t\t\t\t\t\t\t\t\t\t<div class=\"elementor-gallery-item__content\">\n\t\t\t\t\t\t\t\t\t\t\t\t\t\t<div class=\"elementor-gallery-item__title\">\n\t\t\t\t\t\t\t\t\t\t\t\t\t\t\t\t\t\tLa Tour de Bel\u00e9m de Lisbonne fut construite afin de servir \u00e0 la fois de porte d'entr\u00e9e \u00e0 la ville de Lisbonne sur les bords du Tage au Portugal. Patrimoine mondial de l'UNESCO.\t\t\t\t\t\t\t\t<\/div>\n\t\t\t\t\t\t\t\t\t\t\t\t<\/div>\n\t\t\t\t\t\t\t\t\t<\/a>\n\t\t\t\t\t<\/div>\n\t\t\t\t\t<\/div>\n\t\t\t\t\t<\/div>\n\t\t<\/div>\n\t\t\t\t\t<\/div>\n\t\t<\/section>\n\t\t\t\t<section class=\"elementor-section elementor-top-section elementor-element elementor-element-20debdc7 elementor-section-boxed elementor-section-height-default elementor-section-height-default\" data-id=\"20debdc7\" data-element_type=\"section\" data-e-type=\"section\">\n\t\t\t\t\t\t<div class=\"elementor-container elementor-column-gap-default\">\n\t\t\t\t\t<div class=\"elementor-column elementor-col-100 elementor-top-column elementor-element elementor-element-30e01197\" data-id=\"30e01197\" data-element_type=\"column\" data-e-type=\"column\">\n\t\t\t<div class=\"elementor-widget-wrap elementor-element-populated\">\n\t\t\t\t\t\t<div class=\"elementor-element elementor-element-767b1181 elementor-widget elementor-widget-text-editor\" data-id=\"767b1181\" data-element_type=\"widget\" data-e-type=\"widget\" data-widget_type=\"text-editor.default\">\n\t\t\t\t\t\t\t\t\t<h5 style=\"text-align: center;\">Notre croisi\u00e8re de l&rsquo;Europe de l&rsquo;ouest avec le <em>MS&nbsp;Prinsendam<\/em> d&rsquo;<em>Holland&nbsp;America&nbsp;Line<\/em> d\u2019une dur\u00e9e de 16&nbsp;jours soit du 19&nbsp;septembre au 5&nbsp;octobre&nbsp;2017, soit 1&nbsp;nuit\u00e9e \u00e0 l\u2019h\u00f4tel <em>Ibis&nbsp;Budget<\/em> \u00e0 <em>Amsterdam<\/em> au Pays-Bas et 14&nbsp;jours de croisi\u00e8re.<\/h5>\n<p style=\"text-align: center;\">Tout un p\u00e9riple&nbsp;!!! Nous avons pass\u00e9 par 6&nbsp;pays en 14&nbsp;jours.<br \/>\nNos coups de c\u0153ur sont <em>Fort&nbsp;Boyard<\/em> pr\u00e8s de <em>La&nbsp;Rochelle<\/em>, le village de <em>Saint-\u00c9milion<\/em> dans la r\u00e9gion de Bordeaux avec ses monuments et catacombes \u00e9voquant la vie du Saint, la grande Place de <em>Bruxelles<\/em> et son <em>Manneken&nbsp;Pis<\/em> et le rocher de <em>Gibraltar<\/em> et ses singes.<br \/>\nBon visionnement de nos photos et vid\u00e9os avec descriptif qui feront en sorte que vous allez pouvoir revivre ce voyage.<\/p>\n<p style=\"text-align: center;\">Avec nos amis de voyage <strong><em>Flore&nbsp;C\u00f4t\u00e9<\/em><\/strong> et <strong><em>Luc&nbsp;Laforest<\/em><\/strong> et leur anniversaire de mariage \u00e0 bord du bateau.<\/p>\t\t\t\t\t\t\t\t<\/div>\n\t\t\t\t\t<\/div>\n\t\t<\/div>\n\t\t\t\t\t<\/div>\n\t\t<\/section>\n\t\t\t\t<section class=\"elementor-section elementor-top-section elementor-element elementor-element-675c1044 elementor-section-boxed elementor-section-height-default elementor-section-height-default\" data-id=\"675c1044\" data-element_type=\"section\" data-e-type=\"section\">\n\t\t\t\t\t\t<div class=\"elementor-container elementor-column-gap-default\">\n\t\t\t\t\t<div class=\"elementor-column elementor-col-100 elementor-top-column elementor-element elementor-element-390a2786\" data-id=\"390a2786\" data-element_type=\"column\" data-e-type=\"column\">\n\t\t\t<div class=\"elementor-widget-wrap elementor-element-populated\">\n\t\t\t\t\t\t<div class=\"elementor-element elementor-element-630348b5 elementor-widget-divider--view-line_text elementor-widget-divider--element-align-center elementor-widget elementor-widget-divider\" data-id=\"630348b5\" data-element_type=\"widget\" data-e-type=\"widget\" data-widget_type=\"divider.default\">\n\t\t\t\t\t\t\t<div class=\"elementor-divider\">\n\t\t\t<span class=\"elementor-divider-separator\">\n\t\t\t\t\t\t\t<span class=\"elementor-divider__text elementor-divider__element\">\n\t\t\t\tAnniversaire de mariage et l'anniversaire de naissance de Flore\t\t\t\t<\/span>\n\t\t\t\t\t\t<\/span>\n\t\t<\/div>\n\t\t\t\t\t\t<\/div>\n\t\t\t\t\t<\/div>\n\t\t<\/div>\n\t\t\t\t\t<\/div>\n\t\t<\/section>\n\t\t\t\t<section class=\"elementor-section elementor-top-section elementor-element elementor-element-a45870b elementor-section-boxed elementor-section-height-default elementor-section-height-default\" data-id=\"a45870b\" data-element_type=\"section\" data-e-type=\"section\">\n\t\t\t\t\t\t<div class=\"elementor-container elementor-column-gap-default\">\n\t\t\t\t\t<div class=\"elementor-column elementor-col-33 elementor-top-column elementor-element elementor-element-1f86e91\" data-id=\"1f86e91\" data-element_type=\"column\" data-e-type=\"column\">\n\t\t\t<div class=\"elementor-widget-wrap\">\n\t\t\t\t\t\t\t<\/div>\n\t\t<\/div>\n\t\t\t\t<div class=\"elementor-column elementor-col-33 elementor-top-column elementor-element elementor-element-fc06580\" data-id=\"fc06580\" data-element_type=\"column\" data-e-type=\"column\">\n\t\t\t<div class=\"elementor-widget-wrap elementor-element-populated\">\n\t\t\t\t\t\t<div class=\"elementor-element elementor-element-62e5d17 elementor-widget elementor-widget-shortcode\" data-id=\"62e5d17\" data-element_type=\"widget\" data-e-type=\"widget\" data-widget_type=\"shortcode.default\">\n\t\t\t\t\t\t\t<div class=\"elementor-shortcode\"><div class=\"toggle-group\">\n<div class=\"toggle\"><h4>Anniversaire de mariage de Flore et Luc<\/h4><div class=\"toggle-content\">\n<p align=\"center\"><img decoding=\"async\" src=\"https:\/\/mondedesylvieetpierre.ca\/voyage\/wp-content\/uploads\/2017\/10\/Anniversaire_1.jpg\" alt=\"Anniversaire de mariage\" vspace=\"4\"><br \/>\n<span style=\"font-size: 12px;\">Nous voici les 4 au <em><strong>Pinnacle&nbsp;Grill<\/strong><\/em>,<br \/>pour l'anniversaire de mariage de Flore et Luc.<\/span><\/p>\n<p align=\"center\"><img decoding=\"async\" src=\"https:\/\/mondedesylvieetpierre.ca\/voyage\/wp-content\/uploads\/2017\/10\/Anniversaire_2.jpg\" alt=\"Anniversaire de mariage\" vspace=\"4\"><br \/>\n<span style=\"font-size: 12px;\">Flore surprise du cadeau de son homme, Luc.<\/span><\/p>\n<p align=\"center\"><img decoding=\"async\" src=\"https:\/\/mondedesylvieetpierre.ca\/voyage\/wp-content\/uploads\/2017\/10\/Anniversaire_3.jpg\" alt=\"Anniversaire de mariage\" vspace=\"4\"><br \/>\n<span style=\"font-size: 12px;\">Flore contemple son cadeau.<\/span><\/p>\n<p align=\"center\"><img decoding=\"async\" src=\"https:\/\/mondedesylvieetpierre.ca\/voyage\/wp-content\/uploads\/2017\/10\/Anniversaire_4.jpg\" alt=\"Anniversaire de mariage\" vspace=\"4\"><br \/>\n<span style=\"font-size: 12px;\">Des boucles d'oreilles.<\/span><\/p>\n<p align=\"center\"><img decoding=\"async\" src=\"https:\/\/mondedesylvieetpierre.ca\/voyage\/wp-content\/uploads\/2017\/10\/Anniversaire_5.jpg\" alt=\"Anniversaire de mariage\" vspace=\"4\"><br \/>\n<span style=\"font-size: 12px;\">Le baiser des amoureux.<\/span><\/p>\n<\/div><\/div>\n<\/div><\/div>\n\t\t\t\t\t\t<\/div>\n\t\t\t\t\t<\/div>\n\t\t<\/div>\n\t\t\t\t<div class=\"elementor-column elementor-col-33 elementor-top-column elementor-element elementor-element-4243fda\" data-id=\"4243fda\" data-element_type=\"column\" data-e-type=\"column\">\n\t\t\t<div class=\"elementor-widget-wrap\">\n\t\t\t\t\t\t\t<\/div>\n\t\t<\/div>\n\t\t\t\t\t<\/div>\n\t\t<\/section>\n\t\t\t\t<section class=\"elementor-section elementor-top-section elementor-element elementor-element-1d92041 elementor-section-boxed elementor-section-height-default elementor-section-height-default\" data-id=\"1d92041\" data-element_type=\"section\" data-e-type=\"section\">\n\t\t\t\t\t\t<div class=\"elementor-container elementor-column-gap-default\">\n\t\t\t\t\t<div class=\"elementor-column elementor-col-100 elementor-top-column elementor-element elementor-element-b955411\" data-id=\"b955411\" data-element_type=\"column\" data-e-type=\"column\">\n\t\t\t<div class=\"elementor-widget-wrap elementor-element-populated\">\n\t\t\t\t\t\t<div class=\"elementor-element elementor-element-37eb2f5 elementor-widget-divider--view-line_text elementor-widget-divider--element-align-center elementor-widget elementor-widget-divider\" data-id=\"37eb2f5\" data-element_type=\"widget\" data-e-type=\"widget\" data-widget_type=\"divider.default\">\n\t\t\t\t\t\t\t<div class=\"elementor-divider\">\n\t\t\t<span class=\"elementor-divider-separator\">\n\t\t\t\t\t\t\t<span class=\"elementor-divider__text elementor-divider__element\">\n\t\t\t\tINFORMATION SUR LES 6 PAYS VISIT\u00c9S\t\t\t\t<\/span>\n\t\t\t\t\t\t<\/span>\n\t\t<\/div>\n\t\t\t\t\t\t<\/div>\n\t\t\t\t\t<\/div>\n\t\t<\/div>\n\t\t\t\t\t<\/div>\n\t\t<\/section>\n\t\t\t\t<section class=\"elementor-section elementor-top-section elementor-element elementor-element-df58b00 elementor-section-boxed elementor-section-height-default elementor-section-height-default\" data-id=\"df58b00\" data-element_type=\"section\" data-e-type=\"section\">\n\t\t\t\t\t\t<div class=\"elementor-container elementor-column-gap-default\">\n\t\t\t\t\t<div class=\"elementor-column elementor-col-33 elementor-top-column elementor-element elementor-element-56b04d7\" data-id=\"56b04d7\" data-element_type=\"column\" data-e-type=\"column\">\n\t\t\t<div class=\"elementor-widget-wrap\">\n\t\t\t\t\t\t\t<\/div>\n\t\t<\/div>\n\t\t\t\t<div class=\"elementor-column elementor-col-33 elementor-top-column elementor-element elementor-element-8c60331\" data-id=\"8c60331\" data-element_type=\"column\" data-e-type=\"column\">\n\t\t\t<div class=\"elementor-widget-wrap elementor-element-populated\">\n\t\t\t\t\t\t<div class=\"elementor-element elementor-element-5fdea24 elementor-widget elementor-widget-shortcode\" data-id=\"5fdea24\" data-element_type=\"widget\" data-e-type=\"widget\" data-widget_type=\"shortcode.default\">\n\t\t\t\t\t\t\t<div class=\"elementor-shortcode\"><div class=\"toggle-group\">\n<div class=\"toggle\"><h4>La Belgique<\/h4><div class=\"toggle-content\">\n<p style=\"text-align: justify;\"><strong>La Belgique<\/strong> est un pays d'Europe de l'Ouest, bord\u00e9 par la France, les Pays-Bas, l'Allemagne, le Luxembourg et la mer du Nord. Politiquement, il s'agit d'une monarchie constitutionnelle f\u00e9d\u00e9rale \u00e0 r\u00e9gime parlementaire. Elle est l'un des six pays fondateurs de l'Union europ\u00e9enne dont elle accueille, dans sa capitale Bruxelles, les principales institutions : le Parlement europ\u00e9en, le Conseil de l'Union europ\u00e9enne et la Commission europ\u00e9enne, ainsi que celles d'autres organisations internationales comme l'OTAN.<br \/>\nLa population de plus de 11,356,191&nbsp;habitants au 1<sup>er<\/sup>&nbsp;mars&nbsp;2017.<\/p>\n<h3>Les lieux visit\u00e9s en&nbsp;Belgique&nbsp;:<\/h3>\n<ul>\n \t<li>\n<h3>Anvers<\/h3>\n<p style=\"text-align: justify;\"><strong>Anvers<\/strong> porte bien son appellation de \u00ab&nbsp;<em>diamant des Flandres<\/em>&nbsp;\u00bb, compte tenu de son riche savoir-faire diamantaire. Mais la capitale des Flandres ne se r\u00e9sume pas \u00e0 une grande ville industrielle et commerciale en relation avec le monde gr\u00e2ce \u00e0 son port aux dimensions internationales. Il s'agit \u00e9galement d'une ville attrayante, tant par son patrimoine architectural et artisanal, que par ses artistes, d\u00e9funts ou contemporains.<\/p>\n<p align=\"center\"><img decoding=\"async\" src=\"https:\/\/mondedesylvieetpierre.ca\/voyage\/wp-content\/uploads\/2017\/10\/Anvers.jpg\" alt=\"Grand-Place\"><br \/>\n<span style=\"font-size: 12px;\"><strong>Grand-Place (Grote&nbsp;Markt)<\/strong> constitue la place principale du vieux centre d'Anvers.<\/span><\/p>\n<\/li>\n \t<li>\n<h3>Bruxelles<\/h3>\n<p style=\"text-align: justify;\"><strong>Bruxelles<\/strong> a su garder un caract\u00e8re traditionnel issu de son pass\u00e9 flamand. En t\u00e9moigne notamment le quartier de la Grand-Place, class\u00e9 au patrimoine mondial de l'<strong>UNESCO<\/strong>. Mais <strong>Bruxelles<\/strong> ne se r\u00e9sume pas seulement \u00e0 la Grand-Place, au Manneken&nbsp;Pis et aux moules frites. L'architecture locale offre un m\u00e9lange subtil et inattendu de styles classiques et \u00ab&nbsp;<em>Art&nbsp;Nouveau<\/em>&nbsp;\u00bb. <strong>Bruxelles<\/strong> peut d'ailleurs se targuer de poss\u00e9der les plus beaux monuments du genre, r\u00e9alis\u00e9s par l'architecte gantois Victor&nbsp;Horta \u00e0 la fin du XIX<sup>e<\/sup> et au d\u00e9but du XX<sup>e<\/sup>&nbsp;si\u00e8cle.<\/p>\n<p align=\"center\"><img decoding=\"async\" src=\"https:\/\/mondedesylvieetpierre.ca\/voyage\/wp-content\/uploads\/2017\/10\/Manneken-pis.jpg\" alt=\"Manneken-pis\"><br \/>\n<span style=\"font-size: 12px;\"><strong>Manneken&nbsp;Pis<\/strong>, signifiant \u00ab&nbsp;<em>le petit&nbsp;homme qui pisse<\/em>&nbsp;\u00bb en n\u00e9erlandais,<br \/>est une fontaine sous la forme d'une statue en bronze de 55,5&nbsp;centim\u00e8tres de hauteur<br \/>qui repr\u00e9sente un petit&nbsp;gar\u00e7on nu en train d'uriner.<\/span><\/p>\n<p align=\"center\"><img decoding=\"async\" src=\"https:\/\/mondedesylvieetpierre.ca\/voyage\/wp-content\/uploads\/2017\/10\/Atomium.jpg\" alt=\"Atomium\" vspace=\"4\">\n<br \/>\n<span style=\"font-size: 12px;\">L\u2019<strong>Atomium<\/strong> est un monument de Bruxelles, en&nbsp;Belgique,<br \/>construit \u00e0 l'occasion de l'Exposition universelle de&nbsp;1958<br \/>et repr\u00e9sentant la maille conventionnelle du cristal de fer agrandie 165&nbsp;milliards de fois.<\/span><\/p>\n<\/li>\n<\/ul>\n<h3 style=\"text-align: center;\">La carte g\u00e9ographique de la Belgique<\/h3>\n<p align=\"center\"><a href=\"https:\/\/mondedesylvieetpierre.ca\/voyage\/wp-content\/uploads\/2017\/10\/Map_Belgique.jpg\"><img decoding=\"async\" src=\"https:\/\/mondedesylvieetpierre.ca\/voyage\/wp-content\/uploads\/2017\/10\/Map_Belgique.jpg\" alt=\"Map_Belgique\" width=\"100%\"><\/a><\/p>\n<\/div><\/div>\n<div class=\"toggle\"><h4>L'Espagne<\/h4><div class=\"toggle-content\">\n<p style=\"text-align: justify;\"><strong>L\u2019Espagne<\/strong> est un pays d'Europe du Sud et, selon les d\u00e9finitions, de l'Ouest, qui occupe la plus grande partie de la p\u00e9ninsule Ib\u00e9rique. En&nbsp;2015, le pays comptait 46&nbsp;millions&nbsp;d'habitants, ce qui en faisait le vingt-huiti\u00e8me pays au monde en termes de population.<\/p>\n<p style=\"text-align: justify;\"><strong>L\u2019Espagne<\/strong> est bord\u00e9e par la mer M\u00e9diterran\u00e9e au sud et \u00e0 l'est, \u00e0 l'exception du territoire britannique de Gibraltar et le d\u00e9troit du m\u00eame nom qui s\u00e9pare le continent europ\u00e9en de l'Afrique. Au&nbsp;nord, les Pyr\u00e9n\u00e9es constituent une fronti\u00e8re naturelle avec la France, l'Andorre, et le golfe de Gascogne. Le Portugal et l'oc\u00e9an&nbsp;Atlantique bordent l'ouest et le nord-ouest. Le territoire espagnol inclut \u00e9galement les \u00eeles Bal\u00e9ares en M\u00e9diterran\u00e9e, les \u00eeles Canaries dans l'oc\u00e9an Atlantique au large de la c\u00f4te africaine, et deux cit\u00e9s autonomes en Afrique du Nord, Ceuta et Melilla, limitrophes du Maroc.<\/p>\n<h3>Les lieux visit\u00e9s en&nbsp;Espagne&nbsp;:<\/h3>\n<ul>\n \t<li>\n<h3>Santander<\/h3>\n<p style=\"text-align: justify;\"><strong>Santander<\/strong> est une ville \u00e9l\u00e9gante qui s'\u00e9tend le long d'une vaste baie, face au golfe de Gascogne. Sa vieille ville r\u00e9unit un ensemble de nobles \u00e9difices dans un cadre naturel \u00e9blouissant, alliant mer et montagne. Sa tradition maritime et commerciale s'allie \u00e0 une vocation touristique centenaire qui s'av\u00e8re \u00e9vidente \u00e0 la vue de sa fameuse plage El&nbsp;Sardinero, de sa promenade maritime et de la p\u00e9ninsule La Magdalena. Le tr\u00e9sor culturel de cette ville est r\u00e9hauss\u00e9 par le Chemin de Saint-Jacques de Compostelle et des toutes proches Cuevas de Altamira (grottes), tous deux d\u00e9clar\u00e9s Patrimoine de l'humanit\u00e9.<\/p>\n<p style=\"text-align: justify;\"><strong>Le Chemin de Saint-Jacques-de-Compostelle du Nord.<\/strong> Son origine remonte au Moyen \u00c2ge, \u00e9poque \u00e0 laquelle il commen\u00e7a \u00e0 \u00eatre emprunt\u00e9 par les p\u00e8lerins qui cherchaient \u00e0 \u00e9viter les territoires occup\u00e9s par les musulmans. Son paysage est l'un de ses plus grands attraits, puisque la plus grande partie du trajet se d\u00e9roule le long du littoral, entre les montagnes et la mer&nbsp;Cantabrique. En arrivant \u00e0 Oviedo, il existe la possibilit\u00e9 de poursuivre par le chemin du nord ou d'emprunter le chemin primitif.<\/p>\n<p align=\"center\"><img decoding=\"async\" src=\"https:\/\/mondedesylvieetpierre.ca\/voyage\/wp-content\/uploads\/2017\/10\/Palais_Magdalena.jpg\" alt=\"Le Palais Magdalena\"><br \/>\n<span style=\"font-size: 12px;\">Le Palais Magdalena, ancienne r\u00e9sidence d'\u00e9t\u00e9 des rois d'Espagne.<\/span><\/p>\n<p align=\"center\"><img decoding=\"async\" src=\"https:\/\/mondedesylvieetpierre.ca\/voyage\/wp-content\/uploads\/2017\/10\/Image1.jpg\" alt=\"Le Chemin de Saint-Jacques-de-Compostelle\"><br \/>\n<span style=\"font-size: 12px;\">Les paysages du Chemin du Nord, emprunt\u00e9 pour se rendre \u00e0 Saint-Jacques en s\u00e9curit\u00e9<br \/>par les rois europ\u00e9ens pendant une grande partie du Moyen&nbsp;\u00c2ge, sont de toute beaut\u00e9.<\/span><\/p>\n<\/li>\n \t<li>\n<h3>Barcelone<\/h3>\n<p style=\"text-align: justify;\"><strong>Barcelone<\/strong>, capitale de la Catalogne, est une ville m\u00e9diterran\u00e9enne et cosmopolite poss\u00e9dant des vestiges romains, des quartiers&nbsp;m\u00e9di\u00e9vaux et les plus beaux monuments du Modernisme, ainsi que des \u00e9l\u00e9ments avant-gardistes du XX<sup>e<\/sup>&nbsp;si\u00e8cle. L\u2019UNESCO a d\u2019ailleurs class\u00e9 au patrimoine mondial les constructions les plus remarquables des architectes catalans Antoni&nbsp;Gaud\u00ed et Llu\u00eds&nbsp;Dom\u00e9nechi&nbsp;Montaner.<\/p>\n<p align=\"center\"><img decoding=\"async\" src=\"https:\/\/mondedesylvieetpierre.ca\/voyage\/wp-content\/uploads\/2017\/10\/Sagrada_Fam\u00edlia.jpg\" alt=\"Sagrada Fam\u00edlia\"><br \/>\n<span style=\"font-size: 12px;\">La <strong>Sagrada &nbsp;Fam\u00edlia<\/strong> est une basilique gothique de Barcelone dont la construction a commenc\u00e9 en&nbsp;1882.<\/span><\/p>\n<p align=\"center\"><img decoding=\"async\" src=\"https:\/\/mondedesylvieetpierre.ca\/voyage\/wp-content\/uploads\/2017\/10\/Columbus-monument.jpg\" alt=\"La colonne Christophe Colomb\" vspace=\"4\"><br \/>\n<span style=\"font-size: 12px;\">La <strong>colonne Christophe&nbsp;Colomb<\/strong> est une colonne comm\u00e9morative de Barcelone<br \/>con\u00e7ue par l'architecte Gaiet\u00e0&nbsp;Buigas,<br \/>\u00e9lev\u00e9e en&nbsp;1888 en l\u2019honneur du c\u00e9l\u00e8bre navigateur.<\/span>\n<\/p>\n<\/li>\n<\/ul>\n<h3 style=\"text-align: center;\">La carte g\u00e9ographique en&nbsp;Espagne<\/h3>\n<p align=\"center\"><a href=\"https:\/\/mondedesylvieetpierre.ca\/voyage\/wp-content\/uploads\/2017\/10\/Map_Espagne.jpg\"><img decoding=\"async\" src=\"https:\/\/mondedesylvieetpierre.ca\/voyage\/wp-content\/uploads\/2017\/10\/Map_Espagne.jpg\" alt=\"Map_Espagne\" width=\"100%\"><\/a><\/p>\n<\/div><\/div>\n<div class=\"toggle\"><h4>La France<\/h4><div class=\"toggle-content\">\n<p style=\"text-align: justify;\">La France est un \u00c9tat transcontinental souverain, dont le territoire m\u00e9tropolitain est situ\u00e9 en Europe de l'Ouest. Il a des fronti\u00e8res terrestres avec la Belgique, le Luxembourg, l'Allemagne, la Suisse, l'Italie, l'Espagne et les principaut\u00e9s d'Andorre et de Monaco et dispose d'importantes fa\u00e7ades maritimes dans l'Atlantique, la Manche, la mer du Nord et la M\u00e9diterran\u00e9e. Son territoire ultramarin s'\u00e9tend dans les oc\u00e9ans Indien, Atlantique et Pacifique ainsi que sur le continent sud-am\u00e9ricain et a des fronti\u00e8res terrestres avec le Br\u00e9sil, le Suriname et le Royaume des Pays-Bas.<\/p>\n<h3>Les lieux visit\u00e9s en France&nbsp;:<\/h3>\n<ul>\n \t<li>\n<h3>Bordeaux<\/h3>\n<p style=\"text-align: justify;\">C'est <strong>Bordeaux<\/strong> la plus belle ville de France.\nBelle, attirante, vivante et tendance, <strong>Bordeaux<\/strong> est \u00e0 la fois authentique et high-tech, une ville tourn\u00e9e vers le futur qui a su n\u00e9anmoins pr\u00e9server la richesse de son pass\u00e9 et de ses traditions, ce qui lui vaut cette premi\u00e8re place.<\/p>\n<p style=\"text-align: justify;\"><strong>Bordeaux<\/strong>, entre vignobles et oc\u00e9an.\nVoyages merveilleux en Bordelais : avec la Bourgogne et la Champagne, le vignoble de Bordeaux est un des plus c\u00e9l\u00e8bres du monde. Depuis les Pyr\u00e9n\u00e9es o\u00f9 la Garonne prend sa source jusqu\u2019\u00e0 l\u2019Atlantique dans lequel se jette la Gironde, l\u2019eau apporte sa contribution au fa\u00e7onnage du vignoble de Bordeaux. Les terres des graves et les alluvions garonnaises ont, au fil des si\u00e8cles, enrichi les sols et sous-sols du Bordelais pour en faire ce terroir exceptionnel, qui porte les noms de Blaye, Margaux, Pauillac, Pessac-L\u00e9ognan, Saint-Emilion, Saint-Est\u00e8phe, Saint-Julien, Sauternes\u2026<br \/>\nCes terroirs constituent les \u00e9tapes incontournables de la route des Vins de Bordeaux.<\/p>\n<p align=\"center\"><img decoding=\"async\" src=\"https:\/\/mondedesylvieetpierre.ca\/voyage\/wp-content\/uploads\/2017\/10\/Bordeaux-pont-pierre.jpg\" alt=\"Bordeaux pont de pierre\"><br \/>\n<span style=\"font-size: 12px;\">Le <strong>pont de pierre<\/strong> est un pont \u00e0 vo\u00fbtes en ma\u00e7onnerie franchissant la Garonne \u00e0 Bordeaux.<br \/>Il permet de relier le centre ville au quartier de La&nbsp;Bastide, sur l'autre rive.<br \/>\nLe <strong>pont de pierre<\/strong>, construit sur ordre de Napol\u00e9on&nbsp;I<sup>er<\/sup> entre&nbsp;1810 et&nbsp;1822.<\/span><\/p>\n<p align=\"center\"><img decoding=\"async\" src=\"https:\/\/mondedesylvieetpierre.ca\/voyage\/wp-content\/uploads\/2017\/10\/La_place_de_la_bource.jpg\" alt=\"La Place de la Bourse de Bordeaux\" vspace=\"4\"><br \/>\n<span style=\"font-size: 12px;\">La <strong>place de la Bourse<\/strong> est la premi\u00e8re br\u00e8che dans les remparts du Moyen \u00c2ge<br \/>\net est destin\u00e9e \u00e0 servir de somptueux \u00e9crin \u00e0 la statue \u00e9questre, d\u00e9truite \u00e0 la R\u00e9volution, du roi de France Louis&nbsp;XV.<br \/>\nInaugur\u00e9e en&nbsp;1749, elle est le symbole de la prosp\u00e9rit\u00e9 de la ville.<br \/>\nSuccessivement appel\u00e9e place Royale, place de la Libert\u00e9 pendant la R\u00e9volution, place imp\u00e9riale sous Napol\u00e9on&nbsp;I<sup>er<\/sup>,<br \/>\npuis \u00e0 nouveau place&nbsp;Royale \u00e0 la Restauration.<br \/>\nEn&nbsp;1848, \u00e0 la chute de Louis-Philippe I<sup>er<\/sup>, elle devient <strong>place de la Bourse<\/strong>.<\/span><\/p>\n<\/li>\n \t<li>\n<h3>Brest<\/h3>\n<p style=\"text-align: justify;\"><strong>Brest<\/strong> est une commune fran\u00e7aise dans la r\u00e9gion Bretagne. C'est un port important, deuxi\u00e8me port militaire en France apr\u00e8s&nbsp;Toulon, \u00e0 l'extr\u00e9mit\u00e9 ouest de la Bretagne. Une m\u00e9tropole comptant 207,726 habitants en 2014, <strong>Brest<\/strong> est la 25<sup>e<\/sup> commune la plus peupl\u00e9e de France, ce qui fait d'elle la premi\u00e8re agglom\u00e9ration de l'ouest breton, rayonnant sur un bassin de plus d'un million d'habitants, le deuxi\u00e8me de la r\u00e9gion Bretagne derri\u00e8re Rennes.<br \/>\n<strong>Brest<\/strong> a toujours \u00e9t\u00e9 tr\u00e8s marqu\u00e9e par son pass\u00e9 maritime&nbsp;: l'Acad\u00e9mie de marine y fut fond\u00e9e en&nbsp;1752, le porte-avions Charles&nbsp;de&nbsp;Gaulle y fut construit, et tous les quatre&nbsp;ans, en&nbsp;juillet, <strong>Brest<\/strong> accueille la grande f\u00eate internationale de la mer, des bateaux et des marins.<br \/>\nLe <strong>capitaine&nbsp;Haddock<\/strong>, est l'un des personnages principaux de la s\u00e9rie de bande dessin\u00e9e \u00ab<em>Les&nbsp;Aventures de&nbsp;Tintin<\/em>\u00bb, cr\u00e9\u00e9e par le dessinateur belge&nbsp;Herg\u00e9. Personnage de fiction, il est capitaine de marine marchande et meilleur ami de Tintin avec son jurons \u00ab&nbsp;<em>mille&nbsp;sabords, tonnerre&nbsp;de&nbsp;Brest<\/em>&nbsp;\u00bb. L\u2019expression \u00ab&nbsp;<em>Tonnerre de&nbsp;Brest&nbsp;!<\/em>&nbsp;\u00bb est utilis\u00e9e comme un juron de marin pour exprimer la col\u00e8re. Deux explications existent quant \u00e0 son origine, avec pour point commun un canon.<br \/>\nLa premi\u00e8re hypoth\u00e8se est une r\u00e9f\u00e9rence au coup de canon qui a annonc\u00e9 quotidiennement pendant trois si\u00e8cles l\u2019ouverture et la fermeture des portes de l\u2019arsenal de Brest \u00e0 6&nbsp;heures et \u00e0 19&nbsp;heures aux pieds du ch\u00e2teau de la ville.<br \/>\nSelon la seconde hypoth\u00e8se il s\u2019agirait des coups de canons qui ont signal\u00e9 de&nbsp;1751 \u00e0&nbsp;1858 les \u00e9vasions de for\u00e7ats du bagne de Brest. Ces tirs permettaient d\u2019informer la police mais aussi les habitants qui s\u2019ils capturaient l\u2019\u00e9vad\u00e9, recevaient une r\u00e9compense.<\/p>\n<p align=\"center\"><img decoding=\"async\" src=\"https:\/\/mondedesylvieetpierre.ca\/voyage\/wp-content\/uploads\/2017\/10\/Chateau_de_Brest.jpg\" alt=\"Tour de la Motte-Tanguy\"><br \/>\n<span style=\"font-size: 12px;\">La <strong>tour de la Motte-Tanguy<\/strong> est b\u00e2tie sur un tertre rocheux en bordure de la Penfeld, face au ch\u00e2teau de Brest.<\/span><\/p>\n<p align=\"center\"><img decoding=\"async\" src=\"https:\/\/mondedesylvieetpierre.ca\/voyage\/wp-content\/uploads\/2017\/10\/Pont_de_Brest.jpg\" alt=\"Le pont de Recouvrance \u00e0 Brest\" vspace=\"4\"><br \/>\n<span style=\"font-size: 12px;\">Le <strong>pont de Recouvrance<\/strong> est un pont levant qui franchit la Penfeld, \u00e0 Brest, Finist\u00e8re.<\/span><\/p>\n<\/li>\n \t<li>\n<h3>La&nbsp;Rochelle<\/h3>\n<p style=\"text-align: justify;\">Cit\u00e9 mill\u00e9naire r\u00e9solument tourn\u00e9e vers l\u2019avenir, <strong>La&nbsp;Rochelle<\/strong> est une ville belle et g\u00e9n\u00e9reuse qui conjugue la pr\u00e9servation d\u2019un patrimoine naturel et architectural exceptionnel et un d\u00e9veloppement innovant, raisonn\u00e9 et harmonieux de son territoire.\nNich\u00e9e au c\u0153ur de la fa\u00e7ade atlantique, elle a su faire de son ancrage maritime un formidable atout de d\u00e9veloppement \u00e9conomique, touristique et culturel.<br \/>\nSitu\u00e9e en bordure de l\u2019oc\u00e9an Atlantique, au large du pertuis d'Antioche, et prot\u00e9g\u00e9e des temp\u00eates par la \u00ab<em>barri\u00e8re<\/em>\u00bb des \u00eeles de R\u00e9, d\u2019Ol\u00e9ron et d\u2019Aix, la ville est avant tout un complexe portuaire de premier ordre, et ce depuis le XII<sup>e<\/sup>&nbsp;si\u00e8cle.<br \/>\nCapitale de la Charente-Maritime, avec ses 78,026&nbsp;habitants (Source Insee 2014), elle compte parmi les villes les plus attractives et les plus dynamiques de France.<\/p>\n<p align=\"center\"><img decoding=\"async\" src=\"https:\/\/mondedesylvieetpierre.ca\/voyage\/wp-content\/uploads\/2017\/10\/La_Rochelle_Vieux-Port.jpg\" alt=\"La Rochelle Vieux-Port\" vspace=\"4\"><br \/>\n<span style=\"font-size: 12px;\">L'entr\u00e9e du vieux-port de La&nbsp;Rochelle, Charente-Maritime.<\/span><\/p>\n<p align=\"center\"><img decoding=\"async\" src=\"https:\/\/mondedesylvieetpierre.ca\/voyage\/wp-content\/uploads\/2017\/10\/La_Rochelle_Vieux-Port_2.jpg\" alt=\"La Rochelle Vieux-Port\" vspace=\"4\"><br \/>\n<span style=\"font-size: 12px;\">Le bassin d' \u00e9chouage avec ses bateaux de plaisance.<br \/>\nLa Tour de la Grosse&nbsp;Horloge domine \u00e0 droite le Quai&nbsp;Duperr\u00e9<br \/>\navec ses nombreux caf\u00e9s et \u00e0 gauche le Cours des Dames.<\/span><\/p>\n<\/li>\n \t<li>\n<h3>Saint-\u00c9milion<\/h3>\n<p style=\"text-align: justify;\"><strong>Saint-\u00c9milion<\/strong> est une commune du sud-ouest de la France, situ\u00e9e dans le d\u00e9partement de la Gironde en r\u00e9gion Nouvelle-Aquitaine. Ses habitants sont appel\u00e9s les Saint-\u00c9milionnais.<br \/>\nAu c\u0153ur du pays du Libournais, dans une r\u00e9gion de douces collines viticoles et de bosquets verdoyants, cette petite cit\u00e9 m\u00e9di\u00e9vale de 1,893 habitants (en 2014) camp\u00e9e sur une \u00e9minence calcaire b\u00e9n\u00e9ficie de sa situation au carrefour du Bordelais, de la Saintonge et du P\u00e9rigord.<br \/>\nLa cit\u00e9 m\u00e9di\u00e9vale est inscrite au patrimoine mondial de l'humanit\u00e9 par l'<strong>UNESCO<\/strong> depuis&nbsp;1999.<br \/>\nEntre vignes et cours d\u2019eau, le long de coteaux bois\u00e9s et de routes pittoresques, la juridiction de Saint-\u00c9milion s\u2019\u00e9tire sur 75&nbsp;km<sup>2<\/sup> autour d\u2019une cit\u00e9 m\u00e9di\u00e9vale particuli\u00e8rement bien pr\u00e9serv\u00e9e. C\u2019est un ensemble de huit villages organis\u00e9s et unis d\u00e8s le Moyen&nbsp;\u00c2ge autour de la commune libre de Saint-\u00c9milion. Son \u00e9tendue g\u00e9ographique d\u2019environ 7,846&nbsp;ha correspond \u00e0 l'actuelle aire des appellations viticoles saint-\u00e9milion et saint-\u00e9milion grand cru, regroupant pr\u00e8s de 800&nbsp;propri\u00e9t\u00e9s viticoles.<\/p>\n<p align=\"center\"><img decoding=\"async\" src=\"https:\/\/mondedesylvieetpierre.ca\/voyage\/wp-content\/uploads\/2017\/10\/Les_viticoles_de_Saint-Emilion.jpg\" alt=\"Les viticoles de Saint-Emilion\"><br \/>\n<span style=\"font-size: 12px;\">Entre vignes et cours d\u2019eau, le long de coteaux bois\u00e9s et de routes pittoresques,<br \/>\nla juridiction de Saint-\u00c9milion s\u2019\u00e9tire sur 75&nbsp;km<sup>2<\/sup> autour d\u2019une cit\u00e9 m\u00e9di\u00e9vale particuli\u00e8rement bien pr\u00e9serv\u00e9e.<\/span><\/p>\n<p align=\"center\"><img decoding=\"async\" src=\"https:\/\/mondedesylvieetpierre.ca\/voyage\/wp-content\/uploads\/2017\/10\/Saint-Emilion.jpg\" alt=\"Les vertiges historiques de Saint-Emilion\" vspace=\"4\"><br \/>\n<span style=\"font-size: 12px;\"><strong>L'\u00e9glise monolithe de Saint-\u00c9milion<\/strong> est une ancienne \u00e9glise du XI<sup>e<\/sup>&nbsp;si\u00e8cle enti\u00e8rement creus\u00e9e dans la roche,<br \/>\nsitu\u00e9e dans la ville de Saint-\u00c9milion en France.<\/span><\/p>\n<\/li>\n<\/ul>\n<h3 style=\"text-align: center;\">La carte g\u00e9ographique de la France<\/h3>\n<p align=\"center\"><a href=\"https:\/\/mondedesylvieetpierre.ca\/voyage\/wp-content\/uploads\/2017\/10\/Map_France.png\"><img decoding=\"async\" src=\"https:\/\/mondedesylvieetpierre.ca\/voyage\/wp-content\/uploads\/2017\/10\/Map_France.png\" alt=\"Map_France\" width=\"100%\"><\/a><\/p>\n<\/div><\/div>\n<div class=\"toggle\"><h4>Les Pays-Bas<\/h4><div class=\"toggle-content\">\n<p style=\"text-align: justify;\"><strong>Les Pays-Bas<\/strong> sont un pays d'Europe de l'Ouest, frontalier avec la Belgique au sud et l'Allemagne \u00e0 l'est, poss\u00e9dant \u00e9galement une fronti\u00e8re avec la France sur l'\u00eele de Saint-Martin&nbsp;(Cara\u00efbes). Monarchie constitutionnelle comptant 17,1&nbsp;millions&nbsp;d'habitants en&nbsp;2017, le pays a pour capitale Amsterdam, bien que le gouvernement et le Parlement soient localis\u00e9s \u00e0 La Haye. Il est administr\u00e9 en quatre territoires autonomes : Aruba, Cura\u00e7ao, Saint-Martin et le territoire europ\u00e9en, lui-m\u00eame divis\u00e9 en douze provinces, auxquelles s'ajoutent trois autres communes \u00e0 statut sp\u00e9cial situ\u00e9es outre-mer (Bonaire, Saba et Saint-Eustache).<\/p>\n<h3>Les lieux visit\u00e9s aux Pays-Bas&nbsp;:<\/h3>\n<ul>\n \t<li>\n<h3>Amsterdam<\/h3>\n<p style=\"text-align: justify;\"><strong>Amsterdam<\/strong> est la commune la plus peupl\u00e9e et la capitale du Royaume des Pays-Bas.<br \/>\n<strong>Amsterdam<\/strong> est l'un des centres \u00e9conomiques majeurs des Pays-Bas et l'un des principaux centres financiers d'Europe.<br \/>\n<strong>Amsterdam<\/strong> est l'une des destinations touristiques les plus pris\u00e9es d'Europe avec pr\u00e8s de 5,3&nbsp;millions de visiteurs ayant s\u00e9journ\u00e9 dans un h\u00f4tel ou une auberge et le nombre de visiteurs annuels est en constante augmentation depuis une dizaine d'ann\u00e9es.<br \/>\n<strong>Amsterdam<\/strong> poss\u00e8de une riche histoire architecturale dont l'une des meilleures illustrations est le b\u00e2timent le plus ancien de la ville, l'Oude Kerk \u00ab&nbsp;<em>la&nbsp;vieille&nbsp;\u00e9glise<\/em>&nbsp;\u00bb, situ\u00e9e au c\u0153ur du quartier de De Wallen et qui a \u00e9t\u00e9 consacr\u00e9e en&nbsp;1306. Le plus vieux b\u00e2timent en bois remonte \u00e0&nbsp;1425&nbsp;; il s'agit de la Houten Huys \u00ab&nbsp;<em>maison&nbsp;de&nbsp;bois<\/em>&nbsp;\u00bb qui se trouve dans le Begijnhof.<br \/>\n<strong>Les canaux d'Amsterdam<\/strong> s'\u00e9tendent sur un total de plus de cent&nbsp;kilom\u00e8tres, avec quelques 1,500&nbsp;ponts qui les traversent, reliant environ 90&nbsp;\u00eeles.<br \/>\nLa ville d'<strong>Amsterdam<\/strong> est caract\u00e9ris\u00e9e par la pr\u00e9sence de nombreuses brasseries allant des petits \u00e9tablissements artisanaux ind\u00e9pendants aux plus grands groupes multinationaux comme le groupe <em>Heineken International<\/em>, troisi\u00e8me brasseur au niveau mondial.<br \/>\nLa prostitution, symbolis\u00e9e par le \u00ab<em>quartier rouge<\/em>\u00bb de De&nbsp;Wallen, ainsi que la vente libre de drogues douces et principalement de cannabis dans les \u00ab&nbsp;<em>coffee&nbsp;shops<\/em>&nbsp;\u00bb, sont deux images traditionnellement associ\u00e9es \u00e0 la ville d'Amsterdam.<\/p>\n<p align=\"center\"><img decoding=\"async\" src=\"https:\/\/mondedesylvieetpierre.ca\/voyage\/wp-content\/uploads\/2017\/10\/museumplein.jpg\" alt=\"Le museumplein\"><br \/>\n<span style=\"font-size: 12px;\">Le <strong>Museumplein<\/strong> \u00ab&nbsp;<em>Place du Mus\u00e9e<\/em>&nbsp;\u00bb est l'une des principales places de la ville d'Amsterdam.<\/span><\/p>\n<p align=\"center\"><img decoding=\"async\" src=\"https:\/\/mondedesylvieetpierre.ca\/voyage\/wp-content\/uploads\/2017\/10\/Grands_canaux_amsterdam.jpg\" alt=\"Les grands canaux Amsterdam\" vspace=\"4\"><br \/>\n<span style=\"font-size: 12px;\"><strong>Les canaux d'Amsterdam<\/strong> s'\u00e9tendent sur un total de plus de cent&nbsp;kilom\u00e8tres.<\/span>\n<\/p>\n<\/li>\n \t<li>\n<h3>Flessingue (Vlissingen)<\/h3>\n<p style=\"text-align: justify;\"><strong>Flessingue<\/strong> est une commune et une ville n\u00e9erlandaise dot\u00e9e d'un important port de commerce situ\u00e9e sur l'ancienne \u00eele de Walcheren, en&nbsp;Z\u00e9lande.<br \/>\nAvec sa position strat\u00e9gique entre l'Escaut et la mer du Nord, Flessingue a \u00e9t\u00e9 un port important durant des si\u00e8cles. Au XVII<sup>e<\/sup>&nbsp;si\u00e8cle, la ville fut le port principal pour les bateaux de la Compagnie n\u00e9erlandaise des Indes orientales.<br \/>\nLe grand atout de <strong>Flessingue<\/strong>, c'est sa promenade en front de mer et ses superbes plages. On en oublierait presque le c\u0153ur de la ville, avec pr\u00e8s de 300&nbsp;monuments contribuant \u00e0 son atmosph\u00e8re maritime.<\/p>\n<p align=\"center\"><img decoding=\"async\" src=\"https:\/\/mondedesylvieetpierre.ca\/voyage\/wp-content\/uploads\/2017\/10\/Promenade_Flessingue.jpg\" alt=\"Promenade \u00e0 Flessingue\"><br \/>\n<span style=\"font-size: 12px;\">Le grand atout de <strong>Flessingue<\/strong>, c'est sa promenade en front de mer et ses superbes plages.<\/span><\/p>\n<\/li>\n<\/ul>\n<h3 style=\"text-align: center;\">La carte g\u00e9ographique des Pays-Bas<\/h3>\n<p align=\"center\"><a href=\"https:\/\/mondedesylvieetpierre.ca\/voyage\/wp-content\/uploads\/2017\/10\/Map_Pays-Bas.jpg\"><img decoding=\"async\" src=\"https:\/\/mondedesylvieetpierre.ca\/voyage\/wp-content\/uploads\/2017\/10\/Map_Pays-Bas.jpg\" alt=\"Map_Pays-Bas\" width=\"100%\"><\/a><\/p>\n<\/div><\/div>\n<div class=\"toggle\"><h4>Le Portugal<\/h4><div class=\"toggle-content\">\n<p style=\"text-align: justify;\"><strong>Le Portugal<\/strong> est un pays du sud de l'Europe, membre de l'Union europ\u00e9enne, situ\u00e9 \u00e0 l'ouest de la p\u00e9ninsule Ib\u00e9rique. D\u00e9limit\u00e9 au nord et \u00e0 l'est par l'Espagne puis au sud et \u00e0 l'ouest par l'oc\u00e9an Atlantique, il est le pays plus occidental de l'Europe continentale. Il comprend \u00e9galement les archipels des A\u00e7ores et de Mad\u00e8re, deux r\u00e9gions autonomes situ\u00e9es dans le nord de l'oc\u00e9an Atlantique. Membre fondateur de l'<strong>OTAN<\/strong>, le Portugal est \u00e9troitement li\u00e9 politiquement et militairement avec l'ensemble des autres pays occidentaux. Il est \u00e9galement membre de l\u2019OCDE, de l'ONU, du conseil de l'Europe, de l\u2019espace Schengen et est l'un des pays fondateurs de la zone euro. Le Portugal entretient en outre d'importantes relations avec l'Espagne, la France, l'Allemagne, le Royaume-Uni et l'Italie, qui sont ses cinq plus importants partenaires commerciaux.<\/p>\n<h3>Les lieux visit\u00e9s au Portugal&nbsp;:<\/h3>\n<ul>\n \t<li>\n<h3>Cascais<\/h3>\n<p style=\"text-align: justify;\"><strong>Cascais<\/strong> est une ville et station baln\u00e9aire du Portugal. Elle est situ\u00e9e sur le front de l\u2019oc\u00e9an&nbsp;Atlantique, \u00e0 30&nbsp;kilom\u00e8tres \u00e0 l\u2019ouest de la capitale Lisbonne.<br \/>\nC'est une ville littorale portugaise, \u00e0 dominante touristique, appartenant au district de Lisbonne et comprenant 6&nbsp;paroisses. Elle se situe \u00e0 c\u00f4t\u00e9 de la ville d'Estoril, c\u00e9l\u00e8bre pour son casino et son circuit de motocyclisme.<\/p>\n<p align=\"center\"><img decoding=\"async\" src=\"https:\/\/mondedesylvieetpierre.ca\/voyage\/wp-content\/uploads\/2017\/10\/Cascais_1.jpg\" alt=\"L'h\u00f4tel de ville et la grande place de Cascais\"><br \/>\n<span style=\"font-size: 12px;\">L'h\u00f4tel de ville et la grande place des march\u00e9s de <strong>Cascais<\/strong>.<\/span><\/p>\n<p align=\"center\"><img decoding=\"async\" src=\"https:\/\/mondedesylvieetpierre.ca\/voyage\/wp-content\/uploads\/2017\/10\/Cascais_2.jpg\" alt=\"C\u00f4te d\u2019Estoril\" vspace=\"4\"><br \/>\n<span style=\"font-size: 12px;\"><strong>Cascais<\/strong> a c\u00f4te sur l\u2019oc\u00e9an&nbsp;Atlantique.<\/span><\/p>\n<\/li>\n \t<li>\n<h3>Lisbonne<\/h3>\n<p style=\"text-align: justify;\"><strong>Lisbonne<\/strong> est la capitale et la plus grande ville du Portugal. Consid\u00e9r\u00e9e comme une \u00ab<em>ville mondiale<\/em>\u00bb selon le classement 2010 du R\u00e9seau d\u2019\u00e9tude sur la mondialisation. Ses habitants sont habituellement appel\u00e9s Lisbo\u00e8tes, mais on rencontre aussi les termes Lisbonnin et Lisbonnais.<br \/>\n<strong>Lisbonne<\/strong> est b\u00e2tie sur sept&nbsp;collines surplombant le Tage, qui se jette dans l'oc\u00e9an Atlantique 17&nbsp;km plus loin. Cit\u00e9 agr\u00e9able et ensoleill\u00e9e, elle constitue une escapade de choix pour les voyageurs.<br \/>\nFaut appr\u00e9cier pleinement la splendide architecture de pierre de la ville. Ne manquez pas le Padrao dos Descobrimentos (Monument aux d\u00e9couvertes), le Mosteiro dos Jeronimos (Monast\u00e8re des Hi\u00e9ronymites) et la tour de Bel\u00e9m, inscrite au patrimoine mondial de l'<strong>UNESCO<\/strong>.<\/p>\n<p align=\"center\"><img decoding=\"async\" src=\"https:\/\/mondedesylvieetpierre.ca\/voyage\/wp-content\/uploads\/2017\/10\/Lisbonne_1.jpg\" alt=\"Lisbonne\"><br \/>\n<span style=\"font-size: 12px;\"><strong>Lisbonne<\/strong> est la capitale et la plus grande ville du Portugal.<\/span><\/p>\n<p align=\"center\"><img decoding=\"async\" src=\"https:\/\/mondedesylvieetpierre.ca\/voyage\/wp-content\/uploads\/2017\/10\/Lisbonne_2.jpg\" alt=\"La Tour de Bel\u00e9m\" vspace=\"4\"><br \/>\n<span style=\"font-size: 12px;\">La <strong>Tour de Bel\u00e9m<\/strong> est une tour de style manu\u00e9lin, \u00e9rig\u00e9e en 1519 au milieu du Tage<br \/>\npour prot\u00e9ger l\u2019estuaire et le monast\u00e8re des Hi\u00e9ronymites.<\/span><\/p>\n<\/li>\n \t<li>\n<h3>Sintra<\/h3>\n<p style=\"text-align: justify;\"><strong>Sintra<\/strong> est une ville et un municipio portugais situ\u00e9e \u00e0 25 km au nord-ouest de Lisbonne dans le district de Lisbonne. L\u2019harmonie parfaite entre la nature et le patrimoine de la ville a conduit l\u2019<strong>UNESCO<\/strong> \u00e0 classer la ville au Patrimoine Culturel de l\u2019Humanit\u00e9, dans la cat\u00e9gorie \u00ab&nbsp;Paysage&nbsp;culturel&nbsp;\u00bb, en&nbsp;1995.<br \/>\n<strong>Sintra<\/strong> est une magnifique ville aux superbes ch\u00e2teaux historiques, se d\u00e9tachant tous sur fond de collines verdoyantes. Parmi les nombreux ch\u00e2teaux de Sintra, le Palais national de Sintra, l'une des demeures principales des rois portugais jusqu'au d\u00e9but du XX<sup>e<\/sup>&nbsp;si\u00e8cle, le Palais de Pena, perch\u00e9 sur une colline et semblant tout droit sorti d'un conte de f\u00e9es, le domaine de la Regaleira, pr\u00e9sentant divers styles d'architecture et entour\u00e9 de splendides jardins, le Castelo dos Mouros (Ch\u00e2teau des Maures) et le Palais de Monserrate.<\/p>\n<p align=\"center\"><img decoding=\"async\" src=\"https:\/\/mondedesylvieetpierre.ca\/voyage\/wp-content\/uploads\/2017\/10\/Sintra_1.jpg\" alt=\"Sintra\"><br \/>\n<span style=\"font-size: 12px;\"><strong>Sintra<\/strong> est une ville et un municipalit\u00e9 portugais<br \/>\nsitu\u00e9e \u00e0 25 km au nord-ouest de Lisbonne dans le district de Lisbonne.<\/span><\/p>\n<p align=\"center\"><img decoding=\"async\" src=\"https:\/\/mondedesylvieetpierre.ca\/voyage\/wp-content\/uploads\/2017\/10\/Sintra_2.jpg\" alt=\"Le palais de Pena\" vspace=\"4\"><br \/>\n<span style=\"font-size: 12px;\">Le <strong>Palais de Pena<\/strong> est situ\u00e9 sur l\u2019une des cimes de la Serra de Sintra,<br \/>\nau c\u0153ur d\u2019un parc de 200 hectares de la ville de Sintra au Portugal.<br \/>\nIl se caract\u00e9rise par ses couleurs vives, jaune et rouge.<\/span><\/p>\n<\/li>\n<\/ul>\n<h3 style=\"text-align: center;\">La carte g\u00e9ographique du Portugal<\/h3>\n<p align=\"center\"><a href=\"https:\/\/mondedesylvieetpierre.ca\/voyage\/wp-content\/uploads\/2017\/10\/Map_Portugal.jpg\"><img decoding=\"async\" src=\"https:\/\/mondedesylvieetpierre.ca\/voyage\/wp-content\/uploads\/2017\/10\/Map_Portugal.jpg\" alt=\"Map_Portugal\" width=\"100%\"><\/a><\/p>\n<\/div><\/div>\n<div class=\"toggle\"><h4>En territoire britannique : Gibraltar<\/h4><div class=\"toggle-content\">\n<p style=\"text-align: justify;\"><strong>Gibraltar<\/strong> est un territoire britannique d'outre-mer, situ\u00e9 au sud de la p\u00e9ninsule Ib\u00e9rique, en bordure du d\u00e9troit de Gibraltar qui relie la M\u00e9diterran\u00e9e \u00e0 l'oc\u00e9an Atlantique. Il correspond au rocher de Gibraltar et \u00e0 ses environs imm\u00e9diats et est s\u00e9par\u00e9 de l'Espagne par une fronti\u00e8re de 1,2 kilom\u00e8tre.<\/p>\n<h3>Les lieux visit\u00e9s en territoire britannique :<\/h3>\n<ul>\n \t<li>\n<h3>Le rocher de Gibraltar<\/h3>\n<p style=\"text-align: justify;\">Le <strong>rocher de Gibraltar<\/strong> est un monolithe calcaire situ\u00e9 \u00e0 Gibraltar, sur la c\u00f4te m\u00e9ridionale de la p\u00e9ninsule Ib\u00e9rique. Il atteint une altitude de 426 m\u00e8tres. Dans l'Antiquit\u00e9, il \u00e9tait consid\u00e9r\u00e9 comme l'une des deux Colonnes d'Hercule, l'autre \u00e9tant le djebel Musa, sur la c\u00f4te africaine. Le Rocher est une possession de la Couronne britannique.<br \/>\nLe <strong>macaque de Barbarie de Gibraltar<\/strong> est la seule population sauvage de macaques du continent europ\u00e9en qui, contrairement \u00e0 celles de leurs cong\u00e9n\u00e8res d'Afrique du Nord, grossit. Actuellement, pr\u00e8s de 300 macaques, r\u00e9partis en 5 groupes, occupent la partie sup\u00e9rieure du Rocher dans la r\u00e9serve naturelle, bien que des excursions occasionnelles en ville entra\u00eenent des dommages \u00e0 certaines propri\u00e9t\u00e9. Comme ils n'ont pas de queue, ils sont parfois appel\u00e9s \u00ab<em>primate de Barbarie<\/em>\u00bb ou \u00ab<em>primate du Rocher<\/em>\u00bb, bien qu'il s'agisse d'un singe. La population locale les appelle monos (singe) en espagnol ou en llanito (le llanito d\u00e9signe la langue usuelle parl\u00e9e \u00e0 Gibraltar, qui m\u00e9lange le castillan, l'anglais et un fort vocabulaire maltais et h\u00e9breu).<\/p>\n<p align=\"center\"><img decoding=\"async\" src=\"https:\/\/mondedesylvieetpierre.ca\/voyage\/wp-content\/uploads\/2017\/10\/Gibraltar_1.jpg\" alt=\"Le rocher de Gibraltar\"><br \/>\n<span style=\"font-size: 12px;\">Le <strong>rocher de Gibraltar<\/strong> est un monolithe calcaire situ\u00e9 \u00e0 Gibraltar, sur la c\u00f4te m\u00e9ridionale de la p\u00e9ninsule Ib\u00e9rique.<\/span><\/p>\n<p align=\"center\"><img decoding=\"async\" src=\"https:\/\/mondedesylvieetpierre.ca\/voyage\/wp-content\/uploads\/2017\/10\/Gibraltar_2.jpg\" alt=\"Le macaque de Barbarie de Gibraltar\" vspace=\"4\"><br \/>\n<span style=\"font-size: 12px;\">Le <strong>macaque de Barbarie de Gibraltar<\/strong>, pr\u00e8s de 300 macaques, r\u00e9partis en 5 groupes,<br \/>\noccupent la partie sup\u00e9rieure du Rocher dans la r\u00e9serve naturelle de Gibraltar.<\/span><\/p>\n<\/li>\n<\/ul>\n<h3 style=\"text-align: center;\">La carte g\u00e9ographique du Gibraltar<\/h3>\n<p align=\"center\"><a href=\"https:\/\/mondedesylvieetpierre.ca\/voyage\/wp-content\/uploads\/2017\/10\/gibraltar.png\"><img decoding=\"async\" src=\"https:\/\/mondedesylvieetpierre.ca\/voyage\/wp-content\/uploads\/2017\/10\/gibraltar.png\" alt=\"gibraltar\" width=\"100%\"><\/a><\/p>\n<\/div><\/div>\n<\/div><\/div>\n\t\t\t\t\t\t<\/div>\n\t\t\t\t\t<\/div>\n\t\t<\/div>\n\t\t\t\t<div class=\"elementor-column elementor-col-33 elementor-top-column elementor-element elementor-element-3ada69c\" data-id=\"3ada69c\" data-element_type=\"column\" data-e-type=\"column\">\n\t\t\t<div class=\"elementor-widget-wrap\">\n\t\t\t\t\t\t\t<\/div>\n\t\t<\/div>\n\t\t\t\t\t<\/div>\n\t\t<\/section>\n\t\t\t\t<section class=\"elementor-section elementor-top-section elementor-element elementor-element-5454eb70 elementor-section-boxed elementor-section-height-default elementor-section-height-default\" data-id=\"5454eb70\" data-element_type=\"section\" data-e-type=\"section\">\n\t\t\t\t\t\t<div class=\"elementor-container elementor-column-gap-default\">\n\t\t\t\t\t<div class=\"elementor-column elementor-col-100 elementor-top-column elementor-element elementor-element-4196ce7b\" data-id=\"4196ce7b\" data-element_type=\"column\" data-e-type=\"column\">\n\t\t\t<div class=\"elementor-widget-wrap elementor-element-populated\">\n\t\t\t\t\t\t<div class=\"elementor-element elementor-element-4b1082e8 elementor-widget-divider--view-line_text elementor-widget-divider--element-align-center elementor-widget elementor-widget-divider\" data-id=\"4b1082e8\" data-element_type=\"widget\" data-e-type=\"widget\" data-widget_type=\"divider.default\">\n\t\t\t\t\t\t\t<div class=\"elementor-divider\">\n\t\t\t<span class=\"elementor-divider-separator\">\n\t\t\t\t\t\t\t<span class=\"elementor-divider__text elementor-divider__element\">\n\t\t\t\tItin\u00e9raire de notre voyage\t\t\t\t<\/span>\n\t\t\t\t\t\t<\/span>\n\t\t<\/div>\n\t\t\t\t\t\t<\/div>\n\t\t\t\t\t<\/div>\n\t\t<\/div>\n\t\t\t\t\t<\/div>\n\t\t<\/section>\n\t\t\t\t<section class=\"elementor-section elementor-top-section elementor-element elementor-element-6c69bdf7 elementor-section-boxed elementor-section-height-default elementor-section-height-default\" data-id=\"6c69bdf7\" data-element_type=\"section\" data-e-type=\"section\">\n\t\t\t\t\t\t<div class=\"elementor-container elementor-column-gap-default\">\n\t\t\t\t\t<div class=\"elementor-column elementor-col-100 elementor-top-column elementor-element elementor-element-50705e34\" data-id=\"50705e34\" data-element_type=\"column\" data-e-type=\"column\">\n\t\t\t<div class=\"elementor-widget-wrap elementor-element-populated\">\n\t\t\t\t\t\t<div class=\"elementor-element elementor-element-1ec1f503 elementor-widget elementor-widget-image\" data-id=\"1ec1f503\" data-element_type=\"widget\" data-e-type=\"widget\" data-widget_type=\"image.default\">\n\t\t\t\t\t\t\t\t\t\t\t\t<figure class=\"wp-caption\">\n\t\t\t\t\t\t\t\t\t\t\t<a href=\"https:\/\/mondedesylvieetpierre.ca\/voyage\/wp-content\/uploads\/2017\/10\/Itineraire-BFP.jpg\" data-elementor-open-lightbox=\"yes\" data-elementor-lightbox-title=\"Itineraire BFP\" data-e-action-hash=\"#elementor-action%3Aaction%3Dlightbox%26settings%3DeyJpZCI6MTMwODUsInVybCI6Imh0dHBzOlwvXC9tb25kZWRlc3lsdmllZXRwaWVycmUuY2FcL3ZveWFnZVwvd3AtY29udGVudFwvdXBsb2Fkc1wvMjAxN1wvMTBcL0l0aW5lcmFpcmUtQkZQLmpwZyJ9\">\n\t\t\t\t\t\t\t<img decoding=\"async\" src=\"https:\/\/mondedesylvieetpierre.ca\/voyage\/wp-content\/uploads\/elementor\/thumbs\/Itineraire-BFP-oenfwcy838d4f5qnfoir7oe4pl9tlqsxb3vzpwwu5c.jpg\" title=\"Itineraire BFP\" alt=\"Itineraire BFP\" loading=\"lazy\" \/>\t\t\t\t\t\t\t\t<\/a>\n\t\t\t\t\t\t\t\t\t\t\t<figcaption class=\"widget-image-caption wp-caption-text\">Carte de l'Europe de l'Ouest<\/figcaption>\n\t\t\t\t\t\t\t\t\t\t<\/figure>\n\t\t\t\t\t\t\t\t\t<\/div>\n\t\t\t\t\t<\/div>\n\t\t<\/div>\n\t\t\t\t\t<\/div>\n\t\t<\/section>\n\t\t\t\t<section class=\"elementor-section elementor-top-section elementor-element elementor-element-5b7c7b81 elementor-section-boxed elementor-section-height-default elementor-section-height-default\" data-id=\"5b7c7b81\" data-element_type=\"section\" data-e-type=\"section\">\n\t\t\t\t\t\t<div class=\"elementor-container elementor-column-gap-default\">\n\t\t\t\t\t<div class=\"elementor-column elementor-col-100 elementor-top-column elementor-element elementor-element-5d3b7791\" data-id=\"5d3b7791\" data-element_type=\"column\" data-e-type=\"column\">\n\t\t\t<div class=\"elementor-widget-wrap elementor-element-populated\">\n\t\t\t\t\t\t<div class=\"elementor-element elementor-element-517131be elementor-widget-divider--view-line_text elementor-widget-divider--element-align-center elementor-widget elementor-widget-divider\" data-id=\"517131be\" data-element_type=\"widget\" data-e-type=\"widget\" data-widget_type=\"divider.default\">\n\t\t\t\t\t\t\t<div class=\"elementor-divider\">\n\t\t\t<span class=\"elementor-divider-separator\">\n\t\t\t\t\t\t\t<span class=\"elementor-divider__text elementor-divider__element\">\n\t\t\t\tGoogle Map de l'Europe de l\u2019Ouest\t\t\t\t<\/span>\n\t\t\t\t\t\t<\/span>\n\t\t<\/div>\n\t\t\t\t\t\t<\/div>\n\t\t\t\t\t<\/div>\n\t\t<\/div>\n\t\t\t\t\t<\/div>\n\t\t<\/section>\n\t\t\t\t<section class=\"elementor-section elementor-top-section elementor-element elementor-element-454db35c elementor-section-boxed elementor-section-height-default elementor-section-height-default\" data-id=\"454db35c\" data-element_type=\"section\" data-e-type=\"section\">\n\t\t\t\t\t\t<div class=\"elementor-container elementor-column-gap-default\">\n\t\t\t\t\t<div class=\"elementor-column elementor-col-100 elementor-top-column elementor-element elementor-element-4da5de0c\" data-id=\"4da5de0c\" data-element_type=\"column\" data-e-type=\"column\">\n\t\t\t<div class=\"elementor-widget-wrap elementor-element-populated\">\n\t\t\t\t\t\t<div class=\"elementor-element elementor-element-45bd0924 elementor-widget elementor-widget-google_maps\" data-id=\"45bd0924\" data-element_type=\"widget\" data-e-type=\"widget\" data-widget_type=\"google_maps.default\">\n\t\t\t\t\t\t\t<div class=\"elementor-custom-embed\">\n\t\t\t<iframe loading=\"lazy\"\n\t\t\t\t\tsrc=\"https:\/\/maps.google.com\/maps?q=Europe%20de%20l%27ouest&#038;t=m&#038;z=4&#038;output=embed&#038;iwloc=near\"\n\t\t\t\t\ttitle=\"Europe de l&#039;ouest\"\n\t\t\t\t\taria-label=\"Europe de l&#039;ouest\"\n\t\t\t><\/iframe>\n\t\t<\/div>\n\t\t\t\t\t\t<\/div>\n\t\t\t\t\t<\/div>\n\t\t<\/div>\n\t\t\t\t\t<\/div>\n\t\t<\/section>\n\t\t\t\t<section class=\"elementor-section elementor-top-section elementor-element elementor-element-10cc9e52 elementor-section-boxed elementor-section-height-default elementor-section-height-default\" data-id=\"10cc9e52\" data-element_type=\"section\" data-e-type=\"section\">\n\t\t\t\t\t\t<div class=\"elementor-container elementor-column-gap-default\">\n\t\t\t\t\t<div class=\"elementor-column elementor-col-100 elementor-top-column elementor-element elementor-element-3a86101d\" data-id=\"3a86101d\" data-element_type=\"column\" data-e-type=\"column\">\n\t\t\t<div class=\"elementor-widget-wrap elementor-element-populated\">\n\t\t\t\t\t\t<div class=\"elementor-element elementor-element-19544461 elementor-widget-divider--view-line_text elementor-widget-divider--element-align-center elementor-widget elementor-widget-divider\" data-id=\"19544461\" data-element_type=\"widget\" data-e-type=\"widget\" data-widget_type=\"divider.default\">\n\t\t\t\t\t\t\t<div class=\"elementor-divider\">\n\t\t\t<span class=\"elementor-divider-separator\">\n\t\t\t\t\t\t\t<span class=\"elementor-divider__text elementor-divider__element\">\n\t\t\t\tLecteur audio\t\t\t\t<\/span>\n\t\t\t\t\t\t<\/span>\n\t\t<\/div>\n\t\t\t\t\t\t<\/div>\n\t\t\t\t\t<\/div>\n\t\t<\/div>\n\t\t\t\t\t<\/div>\n\t\t<\/section>\n\t\t\t\t<section class=\"elementor-section elementor-top-section elementor-element elementor-element-4ba81344 elementor-section-boxed elementor-section-height-default elementor-section-height-default\" data-id=\"4ba81344\" data-element_type=\"section\" data-e-type=\"section\">\n\t\t\t\t\t\t<div class=\"elementor-container elementor-column-gap-default\">\n\t\t\t\t\t<div class=\"elementor-column elementor-col-100 elementor-top-column elementor-element elementor-element-7018ec26\" data-id=\"7018ec26\" data-element_type=\"column\" data-e-type=\"column\">\n\t\t\t<div class=\"elementor-widget-wrap elementor-element-populated\">\n\t\t\t\t\t\t<div class=\"elementor-element elementor-element-44983cbb elementor-widget elementor-widget-shortcode\" data-id=\"44983cbb\" data-element_type=\"widget\" data-e-type=\"widget\" data-widget_type=\"shortcode.default\">\n\t\t\t\t\t\t\t<div class=\"elementor-shortcode\"><div style=\"text-align: center;\"><div id=\"mp3jWrap_0\" class=\"mjp-s-wrapper s-graphic unsel-mjp outline verdana-mjp\" style=\"font-size:14px;\"><span id=\"playpause_wrap_mp3j_0\" class=\"wrap_inline_mp3j\" style=\"font-weight:700;\"><span class=\"gfxbutton_mp3j play-mjp\" id=\"playpause_mp3j_0\" style=\"font-size:14px;\">&nbsp;&nbsp;&nbsp;&nbsp;&nbsp;<\/span>&nbsp;<span class=\"group_wrap\"><span class=\"bars_mp3j\"><span class=\"loadB_mp3j\" id=\"load_mp3j_0\"><\/span><span class=\"posbarB_mp3j\" id=\"posbar_mp3j_0\"><\/span><\/span><span class=\"T_mp3j\" id=\"T_mp3j_0\" style=\"font-size:14px;\">Musique de Bordeaux<\/span><span class=\"indi_mp3j\" style=\"font-size:9.8px;\" id=\"statusMI_0\"><\/span><\/span><span class=\"vol_mp3j flipped\" id=\"vol_mp3j_0\"><\/span><\/span><\/div><span class=\"s-nosolution\" id=\"mp3j_nosolution_0\" style=\"display:none;\"><\/span><script>\nMP3jPLAYLISTS.inline_0 = [\n\t{ name: \"La ville de Bordeaux.mp3\", formats: [\"mp3\"], mp3: \"aHR0cHM6Ly9tb25kZWRlc3lsdmllZXRwaWVycmUuY2Evdm95YWdlL2F1ZGlvL0xhIHZpbGxlIGRlIEJvcmRlYXV4Lm1wMw==\", counterpart:\"\", artist: \"\", image: \"\", imgurl: \"\" }\n];\n<\/script>\n\n<script>MP3jPLAYERS[0] = { list: MP3jPLAYLISTS.inline_0, tr:0, type:'single', lstate:'', loop:false, play_txt:'&nbsp;&nbsp;&nbsp;&nbsp;&nbsp;', pause_txt:'&nbsp;&nbsp;&nbsp;&nbsp;&nbsp;', pp_title:'', autoplay:true, download:false, vol:100, height:'' };<\/script><\/div><\/div>\n\t\t\t\t\t\t<\/div>\n\t\t\t\t\t<\/div>\n\t\t<\/div>\n\t\t\t\t\t<\/div>\n\t\t<\/section>\n\t\t\t\t<section class=\"elementor-section elementor-top-section elementor-element elementor-element-3544bbb2 elementor-section-boxed elementor-section-height-default elementor-section-height-default\" data-id=\"3544bbb2\" data-element_type=\"section\" data-e-type=\"section\">\n\t\t\t\t\t\t<div class=\"elementor-container elementor-column-gap-default\">\n\t\t\t\t\t<div class=\"elementor-column elementor-col-100 elementor-top-column elementor-element elementor-element-6f4da5b8\" data-id=\"6f4da5b8\" data-element_type=\"column\" data-e-type=\"column\">\n\t\t\t<div class=\"elementor-widget-wrap elementor-element-populated\">\n\t\t\t\t\t\t<div class=\"elementor-element elementor-element-6d729ea1 elementor-widget elementor-widget-image\" data-id=\"6d729ea1\" data-element_type=\"widget\" data-e-type=\"widget\" data-widget_type=\"image.default\">\n\t\t\t\t\t\t\t\t\t\t\t\t\t\t\t<img decoding=\"async\" width=\"350\" height=\"68\" src=\"https:\/\/mondedesylvieetpierre.ca\/voyage\/wp-content\/uploads\/2021\/07\/Divider_note_350x68.png\" class=\"attachment-pixelwars_theme_image_size_nullx500 size-pixelwars_theme_image_size_nullx500 wp-image-17963\" alt=\"\" srcset=\"https:\/\/mondedesylvieetpierre.ca\/voyage\/wp-content\/uploads\/2021\/07\/Divider_note_350x68.png 350w, https:\/\/mondedesylvieetpierre.ca\/voyage\/wp-content\/uploads\/2021\/07\/Divider_note_350x68-300x58.png 300w\" sizes=\"(max-width: 350px) 100vw, 350px\" \/>\t\t\t\t\t\t\t\t\t\t\t\t\t\t\t<\/div>\n\t\t\t\t\t<\/div>\n\t\t<\/div>\n\t\t\t\t\t<\/div>\n\t\t<\/section>\n\t\t\t\t<section class=\"elementor-section elementor-top-section elementor-element elementor-element-680e285e elementor-section-boxed elementor-section-height-default elementor-section-height-default\" data-id=\"680e285e\" data-element_type=\"section\" data-e-type=\"section\">\n\t\t\t\t\t\t<div class=\"elementor-container elementor-column-gap-default\">\n\t\t\t\t\t<div class=\"elementor-column elementor-col-100 elementor-top-column elementor-element elementor-element-bbc0e33\" data-id=\"bbc0e33\" data-element_type=\"column\" data-e-type=\"column\">\n\t\t\t<div class=\"elementor-widget-wrap elementor-element-populated\">\n\t\t\t\t\t\t<div class=\"elementor-element elementor-element-72d4f084 elementor-widget-divider--view-line_text elementor-widget-divider--element-align-center elementor-widget elementor-widget-divider\" data-id=\"72d4f084\" data-element_type=\"widget\" data-e-type=\"widget\" data-widget_type=\"divider.default\">\n\t\t\t\t\t\t\t<div class=\"elementor-divider\">\n\t\t\t<span class=\"elementor-divider-separator\">\n\t\t\t\t\t\t\t<span class=\"elementor-divider__text elementor-divider__element\">\n\t\t\t\tPartager ce voyage\t\t\t\t<\/span>\n\t\t\t\t\t\t<\/span>\n\t\t<\/div>\n\t\t\t\t\t\t<\/div>\n\t\t\t\t\t<\/div>\n\t\t<\/div>\n\t\t\t\t\t<\/div>\n\t\t<\/section>\n\t\t\t\t<section class=\"elementor-section elementor-top-section elementor-element elementor-element-74eaaccb elementor-section-boxed elementor-section-height-default elementor-section-height-default\" data-id=\"74eaaccb\" data-element_type=\"section\" data-e-type=\"section\">\n\t\t\t\t\t\t<div class=\"elementor-container elementor-column-gap-default\">\n\t\t\t\t\t<div class=\"elementor-column elementor-col-100 elementor-top-column elementor-element elementor-element-50d623ee\" data-id=\"50d623ee\" data-element_type=\"column\" data-e-type=\"column\">\n\t\t\t<div class=\"elementor-widget-wrap elementor-element-populated\">\n\t\t\t\t\t\t<div class=\"elementor-element elementor-element-54af941 elementor-widget elementor-widget-shortcode\" data-id=\"54af941\" data-element_type=\"widget\" data-e-type=\"widget\" data-widget_type=\"shortcode.default\">\n\t\t\t\t\t\t\t<div class=\"elementor-shortcode\"><div class=\"share-links\">\n\t<h3><span style=\"color: #999999;\">Partager ce voyage&nbsp;:<\/span> Croisi\u00e8re de Europe de l\u2019Ouest en 2017<\/h3>\n\t\n\t<div class=\"share-links-wrap\">\n\t\t<a rel=\"nofollow\" target=\"_blank\" href=\"mailto:?subject=Je voulais que vous voyez ce voyage&amp;body=Consultez ce voyage : Croisi\u00e8re de Europe de l\u2019Ouest en 2017 - https:\/\/mondedesylvieetpierre.ca\/voyage\/?p=13072\" title=\"Envoyez ce voyage \u00e0 un ami\"><i class=\"pw-icon-mail\"><\/i><\/a>\n\t\t\n\t\t<a rel=\"nofollow\" target=\"_blank\" href=\"https:\/\/plus.google.com\/share?url=https:\/\/mondedesylvieetpierre.ca\/voyage\/?p=13072\" title=\"Partager sur Google+\"><i class=\"pw-icon-gplus\"><\/i><\/a>\n\t\t\n\t\t<a rel=\"nofollow\" target=\"_blank\" href=\"http:\/\/twitter.com\/home?status=En train de lire: 'Croisi\u00e8re de Europe de l\u2019Ouest en 2017' https:\/\/mondedesylvieetpierre.ca\/voyage\/?p=13072\" title=\"\ufeffPartager ce voyage avec vos amis !\"><i class=\"pw-icon-twitter\"><\/i><\/a>\n\t\t\n\t\t<a rel=\"nofollow\" target=\"_blank\" href=\"http:\/\/www.facebook.com\/sharer.php?u=https:\/\/mondedesylvieetpierre.ca\/voyage\/?p=13072&amp;t=Croisi\u00e8re de Europe de l\u2019Ouest en 2017\" title=\"Partager ce voyage sur Facebook\"><i class=\"pw-icon-facebook\"><\/i><\/a>\n\t<\/div>\n<\/div><\/div>\n\t\t\t\t\t\t<\/div>\n\t\t\t\t\t<\/div>\n\t\t<\/div>\n\t\t\t\t\t<\/div>\n\t\t<\/section>\n\t\t\t\t<section class=\"elementor-section elementor-top-section elementor-element elementor-element-4894db40 elementor-section-boxed elementor-section-height-default elementor-section-height-default\" data-id=\"4894db40\" data-element_type=\"section\" data-e-type=\"section\">\n\t\t\t\t\t\t<div class=\"elementor-container elementor-column-gap-default\">\n\t\t\t\t\t<div class=\"elementor-column elementor-col-100 elementor-top-column elementor-element elementor-element-4f64588d\" data-id=\"4f64588d\" data-element_type=\"column\" data-e-type=\"column\">\n\t\t\t<div class=\"elementor-widget-wrap elementor-element-populated\">\n\t\t\t\t\t\t<div class=\"elementor-element elementor-element-2769cbac elementor-widget-divider--view-line_text elementor-widget-divider--element-align-center elementor-widget elementor-widget-divider\" data-id=\"2769cbac\" data-element_type=\"widget\" data-e-type=\"widget\" data-widget_type=\"divider.default\">\n\t\t\t\t\t\t\t<div class=\"elementor-divider\">\n\t\t\t<span class=\"elementor-divider-separator\">\n\t\t\t\t\t\t\t<span class=\"elementor-divider__text elementor-divider__element\">\n\t\t\t\tVoir d'autres voyages\t\t\t\t<\/span>\n\t\t\t\t\t\t<\/span>\n\t\t<\/div>\n\t\t\t\t\t\t<\/div>\n\t\t\t\t\t<\/div>\n\t\t<\/div>\n\t\t\t\t\t<\/div>\n\t\t<\/section>\n\t\t\t\t<section class=\"elementor-section elementor-top-section elementor-element elementor-element-1707d1f7 elementor-section-boxed elementor-section-height-default elementor-section-height-default\" data-id=\"1707d1f7\" data-element_type=\"section\" data-e-type=\"section\">\n\t\t\t\t\t\t<div class=\"elementor-container elementor-column-gap-default\">\n\t\t\t\t\t<div class=\"elementor-column elementor-col-25 elementor-top-column elementor-element elementor-element-45bed86f\" data-id=\"45bed86f\" data-element_type=\"column\" data-e-type=\"column\">\n\t\t\t<div class=\"elementor-widget-wrap elementor-element-populated\">\n\t\t\t\t\t\t<div class=\"elementor-element elementor-element-2802c735 elementor-view-default elementor-widget elementor-widget-icon\" data-id=\"2802c735\" data-element_type=\"widget\" data-e-type=\"widget\" data-widget_type=\"icon.default\">\n\t\t\t\t\t\t\t<div class=\"elementor-icon-wrapper\">\n\t\t\t<a class=\"elementor-icon\" href=\"https:\/\/mondedesylvieetpierre.ca\/voyage\/?p=13491\">\n\t\t\t<svg aria-hidden=\"true\" class=\"e-font-icon-svg e-far-caret-square-left\" viewBox=\"0 0 448 512\" xmlns=\"http:\/\/www.w3.org\/2000\/svg\"><path d=\"M272 157.1v197.8c0 10.7-13 16.1-20.5 8.5l-98.3-98.9c-4.7-4.7-4.7-12.2 0-16.9l98.3-98.9c7.5-7.7 20.5-2.3 20.5 8.4zM448 80v352c0 26.5-21.5 48-48 48H48c-26.5 0-48-21.5-48-48V80c0-26.5 21.5-48 48-48h352c26.5 0 48 21.5 48 48zm-48 346V86c0-3.3-2.7-6-6-6H54c-3.3 0-6 2.7-6 6v340c0 3.3 2.7 6 6 6h340c3.3 0 6-2.7 6-6z\"><\/path><\/svg>\t\t\t<\/a>\n\t\t<\/div>\n\t\t\t\t\t\t<\/div>\n\t\t\t\t\t<\/div>\n\t\t<\/div>\n\t\t\t\t<div class=\"elementor-column elementor-col-25 elementor-top-column elementor-element elementor-element-2875d3c1\" data-id=\"2875d3c1\" data-element_type=\"column\" data-e-type=\"column\">\n\t\t\t<div class=\"elementor-widget-wrap elementor-element-populated\">\n\t\t\t\t\t\t<div class=\"elementor-element elementor-element-4ba81ded elementor-widget elementor-widget-heading\" data-id=\"4ba81ded\" data-element_type=\"widget\" data-e-type=\"widget\" data-widget_type=\"heading.default\">\n\t\t\t\t\t<h2 class=\"elementor-heading-title elementor-size-medium\">Croisi\u00e8re dans les Cara\u00efbes Ouest en 2017<\/h2>\t\t\t\t<\/div>\n\t\t\t\t\t<\/div>\n\t\t<\/div>\n\t\t\t\t<div class=\"elementor-column elementor-col-25 elementor-top-column elementor-element elementor-element-787f58b6\" data-id=\"787f58b6\" data-element_type=\"column\" data-e-type=\"column\">\n\t\t\t<div class=\"elementor-widget-wrap elementor-element-populated\">\n\t\t\t\t\t\t<div class=\"elementor-element elementor-element-18ee5642 elementor-widget elementor-widget-heading\" data-id=\"18ee5642\" data-element_type=\"widget\" data-e-type=\"widget\" data-widget_type=\"heading.default\">\n\t\t\t\t\t<h2 class=\"elementor-heading-title elementor-size-medium\">Notre s\u00e9jour \u00e0 bord du train de Charlevoix en 2017<\/h2>\t\t\t\t<\/div>\n\t\t\t\t\t<\/div>\n\t\t<\/div>\n\t\t\t\t<div class=\"elementor-column elementor-col-25 elementor-top-column elementor-element elementor-element-6fa8aeaf\" data-id=\"6fa8aeaf\" data-element_type=\"column\" data-e-type=\"column\">\n\t\t\t<div class=\"elementor-widget-wrap elementor-element-populated\">\n\t\t\t\t\t\t<div class=\"elementor-element elementor-element-7789adcb elementor-view-default elementor-widget elementor-widget-icon\" data-id=\"7789adcb\" data-element_type=\"widget\" data-e-type=\"widget\" data-widget_type=\"icon.default\">\n\t\t\t\t\t\t\t<div class=\"elementor-icon-wrapper\">\n\t\t\t<a class=\"elementor-icon\" href=\"https:\/\/mondedesylvieetpierre.ca\/voyage\/?p=12895\">\n\t\t\t<svg aria-hidden=\"true\" class=\"e-font-icon-svg e-far-caret-square-right\" viewBox=\"0 0 448 512\" xmlns=\"http:\/\/www.w3.org\/2000\/svg\"><path d=\"M176 354.9V157.1c0-10.7 13-16.1 20.5-8.5l98.3 98.9c4.7 4.7 4.7 12.2 0 16.9l-98.3 98.9c-7.5 7.7-20.5 2.3-20.5-8.4zM448 80v352c0 26.5-21.5 48-48 48H48c-26.5 0-48-21.5-48-48V80c0-26.5 21.5-48 48-48h352c26.5 0 48 21.5 48 48zm-48 346V86c0-3.3-2.7-6-6-6H54c-3.3 0-6 2.7-6 6v340c0 3.3 2.7 6 6 6h340c3.3 0 6-2.7 6-6z\"><\/path><\/svg>\t\t\t<\/a>\n\t\t<\/div>\n\t\t\t\t\t\t<\/div>\n\t\t\t\t\t<\/div>\n\t\t<\/div>\n\t\t\t\t\t<\/div>\n\t\t<\/section>\n\t\t\t\t<\/div>\n\t\t","protected":false},"excerpt":{"rendered":"<p>Notre croisi\u00e8re de l\u2019Europe de l\u2019ouest avec le Prinsedam d\u2019Holland America Line d\u2019une dur\u00e9e de 15 jours soit du 19 septembre au 5 octobre 2017, soit 1 journ\u00e9e \u00e0 l\u2019h\u00f4tel Ibis Budget \u00e0 Amsterdam au Pays-Bas et 14 jours de croisi\u00e8re.<\/p>\n","protected":false},"author":1,"featured_media":0,"comment_status":"closed","ping_status":"closed","sticky":false,"template":"elementor_header_footer","format":"standard","meta":{"footnotes":""},"categories":[181],"tags":[],"class_list":["post-13072","post","type-post","status-publish","format-standard","hentry","category-europe_ouest_2017"],"_links":{"self":[{"href":"https:\/\/mondedesylvieetpierre.ca\/voyage\/index.php?rest_route=\/wp\/v2\/posts\/13072","targetHints":{"allow":["GET"]}}],"collection":[{"href":"https:\/\/mondedesylvieetpierre.ca\/voyage\/index.php?rest_route=\/wp\/v2\/posts"}],"about":[{"href":"https:\/\/mondedesylvieetpierre.ca\/voyage\/index.php?rest_route=\/wp\/v2\/types\/post"}],"author":[{"embeddable":true,"href":"https:\/\/mondedesylvieetpierre.ca\/voyage\/index.php?rest_route=\/wp\/v2\/users\/1"}],"replies":[{"embeddable":true,"href":"https:\/\/mondedesylvieetpierre.ca\/voyage\/index.php?rest_route=%2Fwp%2Fv2%2Fcomments&post=13072"}],"version-history":[{"count":0,"href":"https:\/\/mondedesylvieetpierre.ca\/voyage\/index.php?rest_route=\/wp\/v2\/posts\/13072\/revisions"}],"wp:attachment":[{"href":"https:\/\/mondedesylvieetpierre.ca\/voyage\/index.php?rest_route=%2Fwp%2Fv2%2Fmedia&parent=13072"}],"wp:term":[{"taxonomy":"category","embeddable":true,"href":"https:\/\/mondedesylvieetpierre.ca\/voyage\/index.php?rest_route=%2Fwp%2Fv2%2Fcategories&post=13072"},{"taxonomy":"post_tag","embeddable":true,"href":"https:\/\/mondedesylvieetpierre.ca\/voyage\/index.php?rest_route=%2Fwp%2Fv2%2Ftags&post=13072"}],"curies":[{"name":"wp","href":"https:\/\/api.w.org\/{rel}","templated":true}]}}