{"id":17192,"date":"2021-07-20T05:30:10","date_gmt":"2021-07-20T10:30:10","guid":{"rendered":"https:\/\/mondedesylvieetpierre.ca\/voyage\/?p=17192"},"modified":"2023-12-11T17:52:05","modified_gmt":"2023-12-11T22:52:05","slug":"notre-sejour-accompagne-dun-groupe-aux-iles-de-la-madeleine-en-2021","status":"publish","type":"post","link":"https:\/\/mondedesylvieetpierre.ca\/voyage\/?p=17192","title":{"rendered":"Notre s\u00e9jour aux \u00celes-de-la-Madeleine en 2021"},"content":{"rendered":"\t\t<div data-elementor-type=\"wp-post\" data-elementor-id=\"17192\" class=\"elementor elementor-17192\" data-elementor-post-type=\"post\">\n\t\t\t\t\t\t<section class=\"elementor-section elementor-top-section elementor-element elementor-element-aae66bc elementor-section-boxed elementor-section-height-default elementor-section-height-default\" data-id=\"aae66bc\" data-element_type=\"section\" data-e-type=\"section\">\n\t\t\t\t\t\t<div class=\"elementor-container elementor-column-gap-default\">\n\t\t\t\t\t<div class=\"elementor-column elementor-col-100 elementor-top-column elementor-element elementor-element-780fa22\" data-id=\"780fa22\" data-element_type=\"column\" data-e-type=\"column\">\n\t\t\t<div class=\"elementor-widget-wrap elementor-element-populated\">\n\t\t\t\t\t\t<div class=\"elementor-element elementor-element-6a21d60 elementor-widget elementor-widget-heading\" data-id=\"6a21d60\" data-element_type=\"widget\" data-e-type=\"widget\" data-widget_type=\"heading.default\">\n\t\t\t\t\t<h2 class=\"elementor-heading-title elementor-size-large\">Notre s\u00e9jour<br \/>\naux \u00celes-de-la-Madeleine<br \/>\nen 2021<\/h2>\t\t\t\t<\/div>\n\t\t\t\t\t<\/div>\n\t\t<\/div>\n\t\t\t\t\t<\/div>\n\t\t<\/section>\n\t\t\t\t<section class=\"elementor-section elementor-top-section elementor-element elementor-element-25e90c4 elementor-section-boxed elementor-section-height-default elementor-section-height-default\" data-id=\"25e90c4\" data-element_type=\"section\" data-e-type=\"section\">\n\t\t\t\t\t\t<div class=\"elementor-container elementor-column-gap-default\">\n\t\t\t\t\t<div class=\"elementor-column elementor-col-100 elementor-top-column elementor-element elementor-element-3c66293\" data-id=\"3c66293\" data-element_type=\"column\" data-e-type=\"column\">\n\t\t\t<div class=\"elementor-widget-wrap elementor-element-populated\">\n\t\t\t\t\t\t<div class=\"elementor-element elementor-element-7cc4673 elementor-widget elementor-widget-image\" data-id=\"7cc4673\" data-element_type=\"widget\" data-e-type=\"widget\" data-widget_type=\"image.default\">\n\t\t\t\t\t\t\t\t\t\t\t\t<figure class=\"wp-caption\">\n\t\t\t\t\t\t\t\t\t\t<img decoding=\"async\" width=\"100\" height=\"67\" src=\"https:\/\/mondedesylvieetpierre.ca\/voyage\/wp-content\/uploads\/2016\/03\/Flag_of_Quebec.png\" class=\"attachment-large size-large wp-image-9895\" alt=\"\" \/>\t\t\t\t\t\t\t\t\t\t\t<figcaption class=\"widget-image-caption wp-caption-text\">Province de Qu\u00e9bec<\/figcaption>\n\t\t\t\t\t\t\t\t\t\t<\/figure>\n\t\t\t\t\t\t\t\t\t<\/div>\n\t\t\t\t\t<\/div>\n\t\t<\/div>\n\t\t\t\t\t<\/div>\n\t\t<\/section>\n\t\t\t\t<section class=\"elementor-section elementor-top-section elementor-element elementor-element-ebe4ba3 elementor-section-boxed elementor-section-height-default elementor-section-height-default\" data-id=\"ebe4ba3\" data-element_type=\"section\" data-e-type=\"section\">\n\t\t\t\t\t\t<div class=\"elementor-container elementor-column-gap-default\">\n\t\t\t\t\t<div class=\"elementor-column elementor-col-100 elementor-top-column elementor-element elementor-element-293f1c7\" data-id=\"293f1c7\" data-element_type=\"column\" data-e-type=\"column\">\n\t\t\t<div class=\"elementor-widget-wrap elementor-element-populated\">\n\t\t\t\t\t\t<div class=\"elementor-element elementor-element-6cf4680 elementor-widget elementor-widget-image\" data-id=\"6cf4680\" data-element_type=\"widget\" data-e-type=\"widget\" data-widget_type=\"image.default\">\n\t\t\t\t\t\t\t\t\t\t\t\t\t\t\t<img fetchpriority=\"high\" decoding=\"async\" width=\"569\" height=\"113\" src=\"https:\/\/mondedesylvieetpierre.ca\/voyage\/wp-content\/uploads\/2022\/02\/Line_travel_car_divider.png\" class=\"attachment-large size-large wp-image-18720\" alt=\"\" srcset=\"https:\/\/mondedesylvieetpierre.ca\/voyage\/wp-content\/uploads\/2022\/02\/Line_travel_car_divider.png 569w, https:\/\/mondedesylvieetpierre.ca\/voyage\/wp-content\/uploads\/2022\/02\/Line_travel_car_divider-300x60.png 300w\" sizes=\"(max-width: 569px) 100vw, 569px\" \/>\t\t\t\t\t\t\t\t\t\t\t\t\t\t\t<\/div>\n\t\t\t\t\t<\/div>\n\t\t<\/div>\n\t\t\t\t\t<\/div>\n\t\t<\/section>\n\t\t\t\t<section class=\"elementor-section elementor-top-section elementor-element elementor-element-0e0c0e6 elementor-section-boxed elementor-section-height-default elementor-section-height-default\" data-id=\"0e0c0e6\" data-element_type=\"section\" data-e-type=\"section\">\n\t\t\t\t\t\t<div class=\"elementor-container elementor-column-gap-default\">\n\t\t\t\t\t<div class=\"elementor-column elementor-col-100 elementor-top-column elementor-element elementor-element-b616271\" data-id=\"b616271\" data-element_type=\"column\" data-e-type=\"column\">\n\t\t\t<div class=\"elementor-widget-wrap elementor-element-populated\">\n\t\t\t\t\t\t<div class=\"elementor-element elementor-element-d191884 elementor-widget elementor-widget-text-editor\" data-id=\"d191884\" data-element_type=\"widget\" data-e-type=\"widget\" data-widget_type=\"text-editor.default\">\n\t\t\t\t\t\t\t\t\t<table border=\"0\" width=\"100%\" cellspacing=\"10\">\n<tbody>\n<tr>\n<th class=\"menugroslettre\" colspan=\"2\" scope=\"col\" width=\"90%\">Menu aux \u00celes-de-la-Madeleine<\/th>\n<\/tr>\n<tr>\n<th scope=\"row\" align=\"left\" valign=\"middle\" width=\"18%\">Avion et a\u00e9roport\u00a0:<\/th>\n<td align=\"left\" valign=\"middle\"><a href=\"https:\/\/mondedesylvieetpierre.ca\/voyage\/?page_id=17256\">Avion\u00a0et\u00a0a\u00e9roport<\/a><\/td>\n<\/tr>\n<tr>\n<th scope=\"row\" align=\"left\" valign=\"middle\" width=\"18%\">Cap-aux-Meules\u00a0:<\/th>\n<td align=\"left\" valign=\"middle\"><a href=\"https:\/\/mondedesylvieetpierre.ca\/voyage\/?page_id=17259\">Auberge\u00a0Madeli<\/a> \u2014 <a href=\"https:\/\/mondedesylvieetpierre.ca\/voyage\/?page_id=17261\">Cap-aux-Meules<\/a> \u2014 <a href=\"https:\/\/mondedesylvieetpierre.ca\/voyage\/?page_id=17264\">Ch\u00e2teau\u00a0Madelinot<\/a> \u2014 <a href=\"https:\/\/mondedesylvieetpierre.ca\/voyage\/?page_id=17266\">Excursions\u00a0en\u00a0mer<\/a> \u2014 <a href=\"https:\/\/mondedesylvieetpierre.ca\/voyage\/?page_id=17268\">Fatima<\/a> \u2014 <a href=\"https:\/\/mondedesylvieetpierre.ca\/voyage\/?page_id=17270\">L&rsquo;Abri\u00a0de\u00a0la\u00a0Temp\u00eate<\/a> \u2014 <a href=\"https:\/\/mondedesylvieetpierre.ca\/voyage\/?page_id=17272\">L&rsquo;\u00c9tang-du-Nord<\/a><\/td>\n<\/tr>\n<tr>\n<th scope=\"row\" align=\"left\" valign=\"middle\" width=\"18%\">Grande-Entr\u00e9e\u00a0:<\/th>\n<td align=\"left\" valign=\"middle\"><a href=\"https:\/\/mondedesylvieetpierre.ca\/voyage\/?page_id=17274\">Grande-Entr\u00e9e<\/a> \u2014 <a href=\"https:\/\/mondedesylvieetpierre.ca\/voyage\/?page_id=17276\">Port\u00a0de\u00a0p\u00eache<\/a><\/td>\n<\/tr>\n<tr>\n<th scope=\"row\" align=\"left\" valign=\"middle\" width=\"18%\">Grosse-\u00cele\u00a0:<\/th>\n<td align=\"left\" valign=\"middle\"><a href=\"https:\/\/mondedesylvieetpierre.ca\/voyage\/?page_id=17278\">Grosse-\u00cele<\/a> \u2014 <a href=\"https:\/\/mondedesylvieetpierre.ca\/voyage\/?page_id=17280\">La\u00a0Petite\u00a0\u00c9cole\u00a0Rouge<\/a> \u2014 <a href=\"https:\/\/mondedesylvieetpierre.ca\/voyage\/?page_id=17282\">Mines\u00a0Seleine<\/a><\/td>\n<\/tr>\n<tr>\n<th scope=\"row\" align=\"left\" valign=\"middle\" width=\"18%\">Havre-Aubert\u00a0:<\/th>\n<td align=\"left\" valign=\"middle\"><a href=\"https:\/\/mondedesylvieetpierre.ca\/voyage\/?page_id=17284\">\u00c9glise\u00a0Saint-Fran\u00e7ois-Xavier<\/a> \u2014 <a href=\"https:\/\/mondedesylvieetpierre.ca\/voyage\/?page_id=17286\">Havre-Aubert<\/a> \u2014 <a href=\"https:\/\/mondedesylvieetpierre.ca\/voyage\/?page_id=17288\">La\u00a0Grave<\/a> \u2014 <a href=\"https:\/\/mondedesylvieetpierre.ca\/voyage\/?page_id=17290\">Le\u00a0Site\u00a0d&rsquo;Autrefois<\/a><\/td>\n<\/tr>\n<tr>\n<th scope=\"row\" align=\"left\" valign=\"middle\" width=\"18%\">Havre-Maison\u00a0:<\/th>\n<td align=\"left\" valign=\"middle\"><a href=\"https:\/\/mondedesylvieetpierre.ca\/voyage\/?page_id=17292\">Fromagerie\u00a0du\u00a0Pied-De-Vent<\/a> \u2014 <a href=\"https:\/\/mondedesylvieetpierre.ca\/voyage\/?page_id=17294\">Havre-Maison<\/a> \u2014 <a href=\"https:\/\/mondedesylvieetpierre.ca\/voyage\/?page_id=17296\">La\u00a0Maisonn\u00e9e\u00a0des\u00a0\u00celes<\/a> \u2014 <a href=\"https:\/\/mondedesylvieetpierre.ca\/voyage\/?page_id=17298\">La\u00a0M\u00e9duse<\/a> \u2014 <a href=\"https:\/\/mondedesylvieetpierre.ca\/voyage\/?page_id=17300\">Le\u00a0Barbocheux<\/a> \u2014 <a href=\"https:\/\/mondedesylvieetpierre.ca\/voyage\/?page_id=17302\">Le\u00a0Fumoir\u00a0d&rsquo;Antan<\/a><\/td>\n<\/tr>\n<tr>\n<th scope=\"row\" align=\"left\" valign=\"middle\" width=\"18%\">Pointe-aux-Loups\u00a0:<\/th>\n<td align=\"left\" valign=\"middle\"><a href=\"https:\/\/mondedesylvieetpierre.ca\/voyage\/?page_id=17304\">Pointe-aux-Loups<\/a><\/td>\n<\/tr>\n<\/tbody>\n<\/table>\t\t\t\t\t\t\t\t<\/div>\n\t\t\t\t\t<\/div>\n\t\t<\/div>\n\t\t\t\t\t<\/div>\n\t\t<\/section>\n\t\t\t\t<section class=\"elementor-section elementor-top-section elementor-element elementor-element-16e9545 elementor-section-boxed elementor-section-height-default elementor-section-height-default\" data-id=\"16e9545\" data-element_type=\"section\" data-e-type=\"section\">\n\t\t\t\t\t\t<div class=\"elementor-container elementor-column-gap-default\">\n\t\t\t\t\t<div class=\"elementor-column elementor-col-100 elementor-top-column elementor-element elementor-element-92e8e3a\" data-id=\"92e8e3a\" data-element_type=\"column\" data-e-type=\"column\">\n\t\t\t<div class=\"elementor-widget-wrap elementor-element-populated\">\n\t\t\t\t\t\t<div class=\"elementor-element elementor-element-4af56b8 elementor-widget-divider--view-line_text elementor-widget-divider--element-align-center elementor-widget elementor-widget-divider\" data-id=\"4af56b8\" data-element_type=\"widget\" data-e-type=\"widget\" data-widget_type=\"divider.default\">\n\t\t\t\t\t\t\t<div class=\"elementor-divider\">\n\t\t\t<span class=\"elementor-divider-separator\">\n\t\t\t\t\t\t\t<span class=\"elementor-divider__text elementor-divider__element\">\n\t\t\t\tINFO-VOYAGE\t\t\t\t<\/span>\n\t\t\t\t\t\t<\/span>\n\t\t<\/div>\n\t\t\t\t\t\t<\/div>\n\t\t\t\t\t<\/div>\n\t\t<\/div>\n\t\t\t\t\t<\/div>\n\t\t<\/section>\n\t\t\t\t<section class=\"elementor-section elementor-top-section elementor-element elementor-element-54c9795 elementor-section-boxed elementor-section-height-default elementor-section-height-default\" data-id=\"54c9795\" data-element_type=\"section\" data-e-type=\"section\">\n\t\t\t\t\t\t<div class=\"elementor-container elementor-column-gap-default\">\n\t\t\t\t\t<div class=\"elementor-column elementor-col-100 elementor-top-column elementor-element elementor-element-44bdb03\" data-id=\"44bdb03\" data-element_type=\"column\" data-e-type=\"column\">\n\t\t\t<div class=\"elementor-widget-wrap elementor-element-populated\">\n\t\t\t\t\t\t<div class=\"elementor-element elementor-element-f5192cb elementor-widget elementor-widget-gallery\" data-id=\"f5192cb\" data-element_type=\"widget\" data-e-type=\"widget\" data-settings=\"{&quot;columns&quot;:2,&quot;overlay_title&quot;:&quot;caption&quot;,&quot;lazyload&quot;:&quot;yes&quot;,&quot;gallery_layout&quot;:&quot;grid&quot;,&quot;columns_tablet&quot;:2,&quot;columns_mobile&quot;:1,&quot;gap&quot;:{&quot;unit&quot;:&quot;px&quot;,&quot;size&quot;:10,&quot;sizes&quot;:[]},&quot;gap_tablet&quot;:{&quot;unit&quot;:&quot;px&quot;,&quot;size&quot;:10,&quot;sizes&quot;:[]},&quot;gap_mobile&quot;:{&quot;unit&quot;:&quot;px&quot;,&quot;size&quot;:10,&quot;sizes&quot;:[]},&quot;link_to&quot;:&quot;file&quot;,&quot;aspect_ratio&quot;:&quot;3:2&quot;,&quot;overlay_background&quot;:&quot;yes&quot;,&quot;content_hover_animation&quot;:&quot;fade-in&quot;}\" data-widget_type=\"gallery.default\">\n\t\t\t\t\t\t\t<div class=\"elementor-gallery__container\">\n\t\t\t\t\t\t\t<a class=\"e-gallery-item elementor-gallery-item elementor-animated-content\" href=\"https:\/\/mondedesylvieetpierre.ca\/voyage\/wp-content\/uploads\/2021\/07\/2021-07-07-NK7_6592_1200x800.jpg\" data-elementor-open-lightbox=\"yes\" data-elementor-lightbox-slideshow=\"f5192cb\" data-elementor-lightbox-title=\"2021-07-07-NK7_6592_1200x800\" data-e-action-hash=\"#elementor-action%3Aaction%3Dlightbox%26settings%3DeyJpZCI6MTcyMDEsInVybCI6Imh0dHBzOlwvXC9tb25kZWRlc3lsdmllZXRwaWVycmUuY2FcL3ZveWFnZVwvd3AtY29udGVudFwvdXBsb2Fkc1wvMjAyMVwvMDdcLzIwMjEtMDctMDctTks3XzY1OTJfMTIwMHg4MDAuanBnIiwic2xpZGVzaG93IjoiZjUxOTJjYiJ9\">\n\t\t\t\t\t<div class=\"e-gallery-image elementor-gallery-item__image\" data-thumbnail=\"https:\/\/mondedesylvieetpierre.ca\/voyage\/wp-content\/uploads\/2021\/07\/2021-07-07-NK7_6592_1200x800-600x400.jpg\" data-width=\"600\" data-height=\"400\" aria-label=\"\" role=\"img\" ><\/div>\n\t\t\t\t\t\t\t\t\t\t\t<div class=\"elementor-gallery-item__overlay\"><\/div>\n\t\t\t\t\t\t\t\t\t\t\t\t\t\t\t<div class=\"elementor-gallery-item__content\">\n\t\t\t\t\t\t\t\t\t\t\t\t\t\t<div class=\"elementor-gallery-item__title\">\n\t\t\t\t\t\t\t\t\t\t\t\t\t\t\t\t\t\tLe phare de l'Anse-\u00e0-la-Cabane, est un phare situ\u00e9 sur le territoire du village de Bassin, sur la c\u00f4te sud de l'\u00eele du Havre Aubert, une composante de l'archipel des \u00celes de la Madeleine, dans le golfe du Saint-Laurent . Il s'agit du plus haut phare des \u00celes de la Madeleine et le plus ancien de l'archipel.\t\t\t\t\t\t\t\t<\/div>\n\t\t\t\t\t\t\t\t\t\t\t\t<\/div>\n\t\t\t\t\t\t\t\t\t<\/a>\n\t\t\t\t\t\t\t<a class=\"e-gallery-item elementor-gallery-item elementor-animated-content\" href=\"https:\/\/mondedesylvieetpierre.ca\/voyage\/wp-content\/uploads\/2021\/07\/2021-07-09-DSC00161_1200x800.jpg\" data-elementor-open-lightbox=\"yes\" data-elementor-lightbox-slideshow=\"f5192cb\" data-elementor-lightbox-title=\"2021-07-09-DSC00161_1200x800\" data-e-action-hash=\"#elementor-action%3Aaction%3Dlightbox%26settings%3DeyJpZCI6MTcyMDMsInVybCI6Imh0dHBzOlwvXC9tb25kZWRlc3lsdmllZXRwaWVycmUuY2FcL3ZveWFnZVwvd3AtY29udGVudFwvdXBsb2Fkc1wvMjAyMVwvMDdcLzIwMjEtMDctMDktRFNDMDAxNjFfMTIwMHg4MDAuanBnIiwic2xpZGVzaG93IjoiZjUxOTJjYiJ9\">\n\t\t\t\t\t<div class=\"e-gallery-image elementor-gallery-item__image\" data-thumbnail=\"https:\/\/mondedesylvieetpierre.ca\/voyage\/wp-content\/uploads\/2021\/07\/2021-07-09-DSC00161_1200x800-600x400.jpg\" data-width=\"600\" data-height=\"400\" aria-label=\"\" role=\"img\" ><\/div>\n\t\t\t\t\t\t\t\t\t\t\t<div class=\"elementor-gallery-item__overlay\"><\/div>\n\t\t\t\t\t\t\t\t\t\t\t\t\t\t\t<div class=\"elementor-gallery-item__content\">\n\t\t\t\t\t\t\t\t\t\t\t\t\t\t<div class=\"elementor-gallery-item__title\">\n\t\t\t\t\t\t\t\t\t\t\t\t\t\t\t\t\t\tRocher pr\u00e8s du phare du Cap-Alright (renomme le phare de Julie) \u00e0 l'\u00eele Havre-Maison\t\t\t\t\t\t\t\t<\/div>\n\t\t\t\t\t\t\t\t\t\t\t\t<\/div>\n\t\t\t\t\t\t\t\t\t<\/a>\n\t\t\t\t\t\t\t<a class=\"e-gallery-item elementor-gallery-item elementor-animated-content\" href=\"https:\/\/mondedesylvieetpierre.ca\/voyage\/wp-content\/uploads\/2021\/07\/2021-07-08-NK7_6654_1200x800.jpg\" data-elementor-open-lightbox=\"yes\" data-elementor-lightbox-slideshow=\"f5192cb\" data-elementor-lightbox-title=\"2021-07-08-NK7_6654_1200x800\" data-e-action-hash=\"#elementor-action%3Aaction%3Dlightbox%26settings%3DeyJpZCI6MTcyMDIsInVybCI6Imh0dHBzOlwvXC9tb25kZWRlc3lsdmllZXRwaWVycmUuY2FcL3ZveWFnZVwvd3AtY29udGVudFwvdXBsb2Fkc1wvMjAyMVwvMDdcLzIwMjEtMDctMDgtTks3XzY2NTRfMTIwMHg4MDAuanBnIiwic2xpZGVzaG93IjoiZjUxOTJjYiJ9\">\n\t\t\t\t\t<div class=\"e-gallery-image elementor-gallery-item__image\" data-thumbnail=\"https:\/\/mondedesylvieetpierre.ca\/voyage\/wp-content\/uploads\/2021\/07\/2021-07-08-NK7_6654_1200x800-600x400.jpg\" data-width=\"600\" data-height=\"400\" aria-label=\"\" role=\"img\" ><\/div>\n\t\t\t\t\t\t\t\t\t\t\t<div class=\"elementor-gallery-item__overlay\"><\/div>\n\t\t\t\t\t\t\t\t\t\t\t\t\t\t\t<div class=\"elementor-gallery-item__content\">\n\t\t\t\t\t\t\t\t\t\t\t\t\t\t<div class=\"elementor-gallery-item__title\">\n\t\t\t\t\t\t\t\t\t\t\t\t\t\t\t\t\t\tLa fin de la route 199 marque l\u2019entr\u00e9e dans le port de Grande-Entr\u00e9e, le plus grand port de p\u00eache des \u00celes de la Madeleine.\t\t\t\t\t\t\t\t<\/div>\n\t\t\t\t\t\t\t\t\t\t\t\t<\/div>\n\t\t\t\t\t\t\t\t\t<\/a>\n\t\t\t\t\t\t\t<a class=\"e-gallery-item elementor-gallery-item elementor-animated-content\" href=\"https:\/\/mondedesylvieetpierre.ca\/voyage\/wp-content\/uploads\/2021\/07\/2021-07-11-DSC00287_1200x800.jpg\" data-elementor-open-lightbox=\"yes\" data-elementor-lightbox-slideshow=\"f5192cb\" data-elementor-lightbox-title=\"2021-07-11-DSC00287_1200x800\" data-e-action-hash=\"#elementor-action%3Aaction%3Dlightbox%26settings%3DeyJpZCI6MTcyMDQsInVybCI6Imh0dHBzOlwvXC9tb25kZWRlc3lsdmllZXRwaWVycmUuY2FcL3ZveWFnZVwvd3AtY29udGVudFwvdXBsb2Fkc1wvMjAyMVwvMDdcLzIwMjEtMDctMTEtRFNDMDAyODdfMTIwMHg4MDAuanBnIiwic2xpZGVzaG93IjoiZjUxOTJjYiJ9\">\n\t\t\t\t\t<div class=\"e-gallery-image elementor-gallery-item__image\" data-thumbnail=\"https:\/\/mondedesylvieetpierre.ca\/voyage\/wp-content\/uploads\/2021\/07\/2021-07-11-DSC00287_1200x800-600x400.jpg\" data-width=\"600\" data-height=\"400\" aria-label=\"\" role=\"img\" ><\/div>\n\t\t\t\t\t\t\t\t\t\t\t<div class=\"elementor-gallery-item__overlay\"><\/div>\n\t\t\t\t\t\t\t\t\t\t\t\t\t\t\t<div class=\"elementor-gallery-item__content\">\n\t\t\t\t\t\t\t\t\t\t\t\t\t\t<div class=\"elementor-gallery-item__title\">\n\t\t\t\t\t\t\t\t\t\t\t\t\t\t\t\t\t\tGros-Cap \u00e0 \u00eele du Cap-aux-Meules - en zodiac la vue des nombreux falaises, rochers et grottes.\t\t\t\t\t\t\t\t<\/div>\n\t\t\t\t\t\t\t\t\t\t\t\t<\/div>\n\t\t\t\t\t\t\t\t\t<\/a>\n\t\t\t\t\t<\/div>\n\t\t\t\t\t<\/div>\n\t\t\t\t\t<\/div>\n\t\t<\/div>\n\t\t\t\t\t<\/div>\n\t\t<\/section>\n\t\t\t\t<section class=\"elementor-section elementor-top-section elementor-element elementor-element-82f7778 elementor-section-boxed elementor-section-height-default elementor-section-height-default\" data-id=\"82f7778\" data-element_type=\"section\" data-e-type=\"section\">\n\t\t\t\t\t\t<div class=\"elementor-container elementor-column-gap-default\">\n\t\t\t\t\t<div class=\"elementor-column elementor-col-100 elementor-top-column elementor-element elementor-element-85824cb\" data-id=\"85824cb\" data-element_type=\"column\" data-e-type=\"column\">\n\t\t\t<div class=\"elementor-widget-wrap elementor-element-populated\">\n\t\t\t\t\t\t<div class=\"elementor-element elementor-element-35fc186 elementor-widget elementor-widget-text-editor\" data-id=\"35fc186\" data-element_type=\"widget\" data-e-type=\"widget\" data-widget_type=\"text-editor.default\">\n\t\t\t\t\t\t\t\t\t<h5 style=\"text-align: center;\">Notre s\u00e9jour aux <strong>\u00celes-de-la-Madeleine<\/strong> d&rsquo;une dur\u00e9e de 8&nbsp;jours du 6 au 13&nbsp;juillet d&rsquo;un groupe de 8 personnes, soit\u00a0:<\/h5>\t\t\t\t\t\t\t\t<\/div>\n\t\t\t\t\t<\/div>\n\t\t<\/div>\n\t\t\t\t\t<\/div>\n\t\t<\/section>\n\t\t\t\t<section class=\"elementor-section elementor-top-section elementor-element elementor-element-9828b65 elementor-section-boxed elementor-section-height-default elementor-section-height-default\" data-id=\"9828b65\" data-element_type=\"section\" data-e-type=\"section\">\n\t\t\t\t\t\t<div class=\"elementor-container elementor-column-gap-default\">\n\t\t\t\t\t<div class=\"elementor-column elementor-col-100 elementor-top-column elementor-element elementor-element-b6244a3\" data-id=\"b6244a3\" data-element_type=\"column\" data-e-type=\"column\">\n\t\t\t<div class=\"elementor-widget-wrap elementor-element-populated\">\n\t\t\t\t\t\t<div class=\"elementor-element elementor-element-8fd9597 elementor-widget elementor-widget-image\" data-id=\"8fd9597\" data-element_type=\"widget\" data-e-type=\"widget\" data-widget_type=\"image.default\">\n\t\t\t\t\t\t\t\t\t\t\t\t<figure class=\"wp-caption\">\n\t\t\t\t\t\t\t\t\t\t\t<a href=\"https:\/\/mondedesylvieetpierre.ca\/voyage\/wp-content\/uploads\/2021\/07\/La-gang-de-voyage.jpg\" data-elementor-open-lightbox=\"yes\" data-elementor-lightbox-title=\"La-gang-de-voyage\" data-e-action-hash=\"#elementor-action%3Aaction%3Dlightbox%26settings%3DeyJpZCI6MTc5NjUsInVybCI6Imh0dHBzOlwvXC9tb25kZWRlc3lsdmllZXRwaWVycmUuY2FcL3ZveWFnZVwvd3AtY29udGVudFwvdXBsb2Fkc1wvMjAyMVwvMDdcL0xhLWdhbmctZGUtdm95YWdlLmpwZyJ9\">\n\t\t\t\t\t\t\t<img decoding=\"async\" src=\"https:\/\/mondedesylvieetpierre.ca\/voyage\/wp-content\/uploads\/elementor\/thumbs\/La-gang-de-voyage-panw8cm7ssrch3ilxczlsj4pntfmvkm7638dihd7ns.jpg\" title=\"La-gang-de-voyage\" alt=\"La-gang-de-voyage\" loading=\"lazy\" \/>\t\t\t\t\t\t\t\t<\/a>\n\t\t\t\t\t\t\t\t\t\t\t<figcaption class=\"widget-image-caption wp-caption-text\">\u2022<strong><em>Sylvie<\/em> et <em>Pierre<\/em><\/strong><br \/> \u2022<strong><em>Sylvie<\/em> et <em>Daniel<\/em><\/strong><br \/> \u2022<strong><em>Flore<\/em> et <em>Luc<\/em><\/strong><br \/> \u2022<strong><em>Nicole<\/em> et <em>Richard<\/em><\/strong><\/figcaption>\n\t\t\t\t\t\t\t\t\t\t<\/figure>\n\t\t\t\t\t\t\t\t\t<\/div>\n\t\t\t\t\t<\/div>\n\t\t<\/div>\n\t\t\t\t\t<\/div>\n\t\t<\/section>\n\t\t\t\t<section class=\"elementor-section elementor-top-section elementor-element elementor-element-1fbc7f0 elementor-section-boxed elementor-section-height-default elementor-section-height-default\" data-id=\"1fbc7f0\" data-element_type=\"section\" data-e-type=\"section\">\n\t\t\t\t\t\t<div class=\"elementor-container elementor-column-gap-default\">\n\t\t\t\t\t<div class=\"elementor-column elementor-col-100 elementor-top-column elementor-element elementor-element-209ac5a\" data-id=\"209ac5a\" data-element_type=\"column\" data-e-type=\"column\">\n\t\t\t<div class=\"elementor-widget-wrap elementor-element-populated\">\n\t\t\t\t\t\t<div class=\"elementor-element elementor-element-278422e elementor-widget elementor-widget-text-editor\" data-id=\"278422e\" data-element_type=\"widget\" data-e-type=\"widget\" data-widget_type=\"text-editor.default\">\n\t\t\t\t\t\t\t\t\t<p style=\"text-align: center;\">Partis en avion d\u2019une dur\u00e9e d\u2019environ une heure et demie, nous avons lou\u00e9s des v\u00e9hicules.<br \/>\nNous avons visit\u00e9 6&nbsp;\u00eeles des 7 qui constituent l\u2019archipel long de 100&nbsp;km. La route principale est la 199, mais les routes secondaires nous ont permis de d\u00e9couvrir un paradis panoramique avec ses falaises de gr\u00e8s, phares, grottes, dunes, ports, plages, buttes, lagunes et surtout l\u2019air marin et le vent qui est constant.<br \/>\nNous avons visit\u00e9 les sites les plus importants de chaque \u00eele.<br \/>\nNous \u00e9tions \u00e0 la fin de la saison du homard, nous avons eu la chance de rencontrer des homardiers qui d\u00e9chargeait leurs derni\u00e8res prises. Les gens sont vraiment accueillants avec leur petit accent.<br \/>\nQuand on dit que nous ne voulons pas partir des \u00eeles ceci est devenu une r\u00e9alit\u00e9 pour le groupe.<br \/>\n<em>Bon visionnement&nbsp;!!!<\/em><\/p>\t\t\t\t\t\t\t\t<\/div>\n\t\t\t\t\t<\/div>\n\t\t<\/div>\n\t\t\t\t\t<\/div>\n\t\t<\/section>\n\t\t\t\t<section class=\"elementor-section elementor-top-section elementor-element elementor-element-1b64678 elementor-section-boxed elementor-section-height-default elementor-section-height-default\" data-id=\"1b64678\" data-element_type=\"section\" data-e-type=\"section\">\n\t\t\t\t\t\t<div class=\"elementor-container elementor-column-gap-default\">\n\t\t\t\t\t<div class=\"elementor-column elementor-col-100 elementor-top-column elementor-element elementor-element-d152510\" data-id=\"d152510\" data-element_type=\"column\" data-e-type=\"column\">\n\t\t\t<div class=\"elementor-widget-wrap elementor-element-populated\">\n\t\t\t\t\t\t<div class=\"elementor-element elementor-element-e4af541 elementor-widget-divider--view-line_text elementor-widget-divider--element-align-center elementor-widget elementor-widget-divider\" data-id=\"e4af541\" data-element_type=\"widget\" data-e-type=\"widget\" data-widget_type=\"divider.default\">\n\t\t\t\t\t\t\t<div class=\"elementor-divider\">\n\t\t\t<span class=\"elementor-divider-separator\">\n\t\t\t\t\t\t\t<span class=\"elementor-divider__text elementor-divider__element\">\n\t\t\t\tInformation sur les \u00celes-de-la-Madeleine\t\t\t\t<\/span>\n\t\t\t\t\t\t<\/span>\n\t\t<\/div>\n\t\t\t\t\t\t<\/div>\n\t\t\t\t\t<\/div>\n\t\t<\/div>\n\t\t\t\t\t<\/div>\n\t\t<\/section>\n\t\t\t\t<section class=\"elementor-section elementor-top-section elementor-element elementor-element-1f23561 elementor-section-boxed elementor-section-height-default elementor-section-height-default\" data-id=\"1f23561\" data-element_type=\"section\" data-e-type=\"section\">\n\t\t\t\t\t\t<div class=\"elementor-container elementor-column-gap-default\">\n\t\t\t\t\t<div class=\"elementor-column elementor-col-33 elementor-top-column elementor-element elementor-element-f67de09\" data-id=\"f67de09\" data-element_type=\"column\" data-e-type=\"column\">\n\t\t\t<div class=\"elementor-widget-wrap\">\n\t\t\t\t\t\t\t<\/div>\n\t\t<\/div>\n\t\t\t\t<div class=\"elementor-column elementor-col-33 elementor-top-column elementor-element elementor-element-88d46d2\" data-id=\"88d46d2\" data-element_type=\"column\" data-e-type=\"column\">\n\t\t\t<div class=\"elementor-widget-wrap elementor-element-populated\">\n\t\t\t\t\t\t<div class=\"elementor-element elementor-element-d7c2f4a elementor-widget elementor-widget-shortcode\" data-id=\"d7c2f4a\" data-element_type=\"widget\" data-e-type=\"widget\" data-widget_type=\"shortcode.default\">\n\t\t\t\t\t\t\t<div class=\"elementor-shortcode\"><div class=\"toggle-group\">\n<div class=\"toggle\"><h4>G\u00e9ographie et histoire sur les \u00celes-de-la-Madeleine<\/h4><div class=\"toggle-content\">\n<p align=\"center\"><img decoding=\"async\" src=\"https:\/\/mondedesylvieetpierre.ca\/voyage\/wp-content\/uploads\/2021\/07\/Logo_iles-de-la-Madeleine.jpg\" alt=\"Logo_iles-de-la-Madeleine\" \/><\/p>\n<p style=\"text-align: justify;\">L'archipel est situ\u00e9 environ au centre du golfe du Saint-Laurent, tr\u00f4nant sur les hauts-fonds entre la <em>p\u00e9ninsule gasp\u00e9sienne<\/em> et l'<em>\u00eele du Cap-Breton<\/em> (Nouvelle-\u00c9cosse), \u00e0 82&nbsp;km au nord de l'<em>\u00cele-du-Prince-\u00c9douard<\/em> et \u00e0 152&nbsp;km \u00e0 l'ouest-sud-ouest de <em>Terre-Neuve<\/em>.<br \/>\nLe territoire, anciennement tr\u00e8s bois\u00e9, est maintenant l'objet de reboisement continu et est recouvert de for\u00eats \u00e0 pr\u00e8s de&nbsp;25%.<br \/>\nIl est aussi tr\u00e8s dunaire, offrant pr\u00e8s de 300&nbsp;km de plages.<br \/>\nAu sud de l'archipel se trouvent deux \u00eeles tr\u00e8s diff\u00e9rentes l'une de l'autre&nbsp;: l'<em>\u00eele du Havre&nbsp;Aubert<\/em> est la plus grande, la plus bois\u00e9e et est habit\u00e9e par des francophones.<br \/>\nLa seconde, l'<em>\u00eele&nbsp;d'Entr\u00e9e<\/em>, habit\u00e9e par des anglophones, est une petite \u00eele non reli\u00e9e par les dunes, domin\u00e9e par la plus haute colline (Big&nbsp;Hill) de l'archipel et dot\u00e9e de quelques arbres seulement, r\u00e9unis en un petit bois\u00e9.<\/p>\n\n<p align=\"left\"><strong><u>Les \u00eeles de l'archipel sont principalement reli\u00e9es par quatre longues dunes et deux ponts&nbsp;:<\/u><\/strong><\/p>\n<ul>\n \t<li><em>L'\u00eele du Havre-Aubert<\/em><\/li>\n \t<li><em>L'\u00eele de la Grande-Entr\u00e9e<\/em><\/li>\n \t<li><em>L'\u00eele du Havre-Maisons<\/em><\/li>\n \t<li><em>L'\u00eele du Cap\u00a0aux\u00a0Meules<\/em><\/li>\n \t<li><em>L'\u00eele aux Loups<\/em> (o\u00f9 se trouve la localit\u00e9 de Pointe-aux-Loups)<\/li>\n \t<li><em>La Grosse-\u00cele<\/em><\/li>\n \t<li><em>La Pointe de l'Es<\/em>t, dite aussi l'<em>\u00eele de l'Est<\/em>.<\/li>\n<\/ul>\n<p align=\"left\"><strong><u>L'archipel comprend aussi, d\u00e9tach\u00e9s du groupe principal&nbsp;:<\/u><\/strong><\/p>\n<ul>\n \t<li><em>L'\u00eele\u00a0d'Entr\u00e9e<\/em><\/li>\n \t<li><em>L'\u00eele\u00a0Brion<\/em><\/li>\n \t<li><em>Les Rochers aux Oiseaux<\/em><\/li>\n \t<li><em>L'\u00eele du Corps-Mort<\/em><\/li>\n<\/ul>\n<p align=\"center\"><a href=\"https:\/\/mondedesylvieetpierre.ca\/voyage\/wp-content\/uploads\/2021\/07\/les_iles_carto.jpg\" target=\"_blank\" rel=\"noopener\"><img decoding=\"async\" src=\"https:\/\/mondedesylvieetpierre.ca\/voyage\/wp-content\/uploads\/2021\/07\/les_iles_carto.jpg\" alt=\"les_iles_carto\" width=\"100%\" vspace=\"4\" \/><\/a><\/p>\n<p style=\"text-align: justify;\">La MRC des \u00celes-de-la-Madeleine est constitu\u00e9e de deux municipalit\u00e9s et de huit villages avec une population totale de 14,232&nbsp;r\u00e9sidents en&nbsp;2020.\nLes r\u00e9sidents se nomment des <em><strong>Madelinots<\/strong><\/em>.<br \/>\nPour la plupart des descendants des <strong><em>Acadiens<\/em><\/strong>, les <em><strong>Madelinots<\/strong><\/em> ont v\u00e9cu surtout de l'agriculture et de la p\u00eache, et, surtout, aujourd'hui, de celle du <strong>homard<\/strong>.<br \/>\nLe d\u00e9clin de la p\u00eache du poisson a favoris\u00e9 \u00e0 faire du tourisme une activit\u00e9 \u00e9conomique aussi importante, qui a transform\u00e9 la vie \u00e9conomique des \u00celes particuli\u00e8rement rapidement dans les ann\u00e9es&nbsp;1990 et&nbsp;2000.<br \/>\n<strong><em>L'exploitation mini\u00e8re du sel<\/em><\/strong>, \u00e0 la <strong>mine\u00a0Seleine<\/strong> et la chasse aux phoques sont d'importantes source de revenus pour les Madelinots, cette derni\u00e8re se d\u00e9roulant au mois de mars, profitant de la mise bas des phoque du Groenland et \u00e0 capuchon sur la banquise.<br \/>\nIl est \u00e0 noter que la chasse des blanchons (petit du phoque) est interdite depuis&nbsp;1988.<br \/>\nAujourd'hui en&nbsp;2020, bien que l'industrie de la p\u00eache (exploitation et transformation) demeure la premi\u00e8re activit\u00e9 \u00e9conomique de l'archipel, l'industrie touristique s'est quant \u00e0 elle hiss\u00e9e au deuxi\u00e8me rang avec des retomb\u00e9es \u00e9valu\u00e9es \u00e0 quelque $50&nbsp;millions par&nbsp;ann\u00e9e.<\/p>\n<p align=\"left\"><strong><u>\u00c0 savoir sur les naufrages&nbsp;:<\/u><\/strong><\/p>\n<p style=\"text-align: justify;\">713&nbsp;naufrages ont \u00e9t\u00e9 comptabilis\u00e9s sur les \u00eeles, dus \u00e0 de fortes temp\u00eates et \u00e0 ses hauts-fonds, ce qui donne aux \u00celes-de-la-Madeleine le triste titre du plus grand cimeti\u00e8re marin en Am\u00e9rique&nbsp;du&nbsp;Nord.<br \/>\nLe dernier naufrage \u00e0 ce jour est celui du Nadine, qui coula le 16&nbsp;d\u00e9cembre&nbsp;1990, \u00e0 quelques kilom\u00e8tres des c\u00f4tes.<br \/>\nLe premier naufrage est celui du Essex, en&nbsp;1741, au Corps-Mort.<\/p>\n<h3 style=\"text-align: center;\">Vue panoramique et a\u00e9rienne des \u00celes<\/h3>\n<p align=\"center\"><a href=\"https:\/\/mondedesylvieetpierre.ca\/voyage\/wp-content\/uploads\/2021\/07\/Vue-aerienne-des-Iles_1920px-1.jpg\" target=\"_blank\" rel=\"noopener\"><img decoding=\"async\" src=\"https:\/\/mondedesylvieetpierre.ca\/voyage\/wp-content\/uploads\/2021\/07\/Vue-aerienne-des-Iles_1920px-1.jpg\" alt=\"Vue-aerienne-des-Iles_1920px-1\" width=\"100%\" vspace=\"4\" \/><\/a><\/p>\n<p align=\"center\"><a href=\"https:\/\/mondedesylvieetpierre.ca\/voyage\/wp-content\/uploads\/2021\/07\/Vue-aerienne-des-Iles_1920px-2.jpg\" target=\"_blank\" rel=\"noopener\"><img decoding=\"async\" src=\"https:\/\/mondedesylvieetpierre.ca\/voyage\/wp-content\/uploads\/2021\/07\/Vue-aerienne-des-Iles_1920px-2.jpg\" alt=\"Vue-aerienne-des-Iles_1920px-2\" width=\"100%\" vspace=\"4\" \/><\/a><\/p>\n<p align=\"center\"><a href=\"https:\/\/mondedesylvieetpierre.ca\/voyage\/wp-content\/uploads\/2021\/07\/Vue-aerienne-des-Iles_1920px-3.jpg\" target=\"_blank\" rel=\"noopener\"><img decoding=\"async\" src=\"https:\/\/mondedesylvieetpierre.ca\/voyage\/wp-content\/uploads\/2021\/07\/Vue-aerienne-des-Iles_1920px-3.jpg\" alt=\"Vue-aerienne-des-Iles_1920px-3\" width=\"100%\" vspace=\"4\" \/><\/a><\/p>\n<\/div><\/div>\n<\/div><\/div>\n\t\t\t\t\t\t<\/div>\n\t\t\t\t\t<\/div>\n\t\t<\/div>\n\t\t\t\t<div class=\"elementor-column elementor-col-33 elementor-top-column elementor-element elementor-element-59784aa\" data-id=\"59784aa\" data-element_type=\"column\" data-e-type=\"column\">\n\t\t\t<div class=\"elementor-widget-wrap\">\n\t\t\t\t\t\t\t<\/div>\n\t\t<\/div>\n\t\t\t\t\t<\/div>\n\t\t<\/section>\n\t\t\t\t<section class=\"elementor-section elementor-top-section elementor-element elementor-element-46bae2a elementor-section-boxed elementor-section-height-default elementor-section-height-default\" data-id=\"46bae2a\" data-element_type=\"section\" data-e-type=\"section\">\n\t\t\t\t\t\t<div class=\"elementor-container elementor-column-gap-default\">\n\t\t\t\t\t<div class=\"elementor-column elementor-col-100 elementor-top-column elementor-element elementor-element-3175320\" data-id=\"3175320\" data-element_type=\"column\" data-e-type=\"column\">\n\t\t\t<div class=\"elementor-widget-wrap elementor-element-populated\">\n\t\t\t\t\t\t<div class=\"elementor-element elementor-element-4d1d24a elementor-widget-divider--view-line_text elementor-widget-divider--element-align-center elementor-widget elementor-widget-divider\" data-id=\"4d1d24a\" data-element_type=\"widget\" data-e-type=\"widget\" data-widget_type=\"divider.default\">\n\t\t\t\t\t\t\t<div class=\"elementor-divider\">\n\t\t\t<span class=\"elementor-divider-separator\">\n\t\t\t\t\t\t\t<span class=\"elementor-divider__text elementor-divider__element\">\n\t\t\t\tGoogle Map des \u00celes-de-la-Madeleine\t\t\t\t<\/span>\n\t\t\t\t\t\t<\/span>\n\t\t<\/div>\n\t\t\t\t\t\t<\/div>\n\t\t\t\t\t<\/div>\n\t\t<\/div>\n\t\t\t\t\t<\/div>\n\t\t<\/section>\n\t\t\t\t<section class=\"elementor-section elementor-top-section elementor-element elementor-element-ecf4d30 elementor-section-boxed elementor-section-height-default elementor-section-height-default\" data-id=\"ecf4d30\" data-element_type=\"section\" data-e-type=\"section\">\n\t\t\t\t\t\t<div class=\"elementor-container elementor-column-gap-default\">\n\t\t\t\t\t<div class=\"elementor-column elementor-col-100 elementor-top-column elementor-element elementor-element-0a70bd7\" data-id=\"0a70bd7\" data-element_type=\"column\" data-e-type=\"column\">\n\t\t\t<div class=\"elementor-widget-wrap elementor-element-populated\">\n\t\t\t\t\t\t<div class=\"elementor-element elementor-element-61e0665 elementor-widget elementor-widget-google_maps\" data-id=\"61e0665\" data-element_type=\"widget\" data-e-type=\"widget\" data-widget_type=\"google_maps.default\">\n\t\t\t\t\t\t\t<div class=\"elementor-custom-embed\">\n\t\t\t<iframe loading=\"lazy\"\n\t\t\t\t\tsrc=\"https:\/\/maps.google.com\/maps?q=Les%20%C3%8Eles-de-la-Madeleine%2C%20QC&#038;t=m&#038;z=9&#038;output=embed&#038;iwloc=near\"\n\t\t\t\t\ttitle=\"Les \u00celes-de-la-Madeleine, QC\"\n\t\t\t\t\taria-label=\"Les \u00celes-de-la-Madeleine, QC\"\n\t\t\t><\/iframe>\n\t\t<\/div>\n\t\t\t\t\t\t<\/div>\n\t\t\t\t\t<\/div>\n\t\t<\/div>\n\t\t\t\t\t<\/div>\n\t\t<\/section>\n\t\t\t\t<section class=\"elementor-section elementor-top-section elementor-element elementor-element-1ac00a8 elementor-section-boxed elementor-section-height-default elementor-section-height-default\" data-id=\"1ac00a8\" data-element_type=\"section\" data-e-type=\"section\">\n\t\t\t\t\t\t<div class=\"elementor-container elementor-column-gap-default\">\n\t\t\t\t\t<div class=\"elementor-column elementor-col-100 elementor-top-column elementor-element elementor-element-d0e800d\" data-id=\"d0e800d\" data-element_type=\"column\" data-e-type=\"column\">\n\t\t\t<div class=\"elementor-widget-wrap elementor-element-populated\">\n\t\t\t\t\t\t<div class=\"elementor-element elementor-element-759f0fa elementor-widget-divider--view-line_text elementor-widget-divider--element-align-center elementor-widget elementor-widget-divider\" data-id=\"759f0fa\" data-element_type=\"widget\" data-e-type=\"widget\" data-widget_type=\"divider.default\">\n\t\t\t\t\t\t\t<div class=\"elementor-divider\">\n\t\t\t<span class=\"elementor-divider-separator\">\n\t\t\t\t\t\t\t<span class=\"elementor-divider__text elementor-divider__element\">\n\t\t\t\tLecteur audio\t\t\t\t<\/span>\n\t\t\t\t\t\t<\/span>\n\t\t<\/div>\n\t\t\t\t\t\t<\/div>\n\t\t\t\t\t<\/div>\n\t\t<\/div>\n\t\t\t\t\t<\/div>\n\t\t<\/section>\n\t\t\t\t<section class=\"elementor-section elementor-top-section elementor-element elementor-element-71d9135 elementor-section-boxed elementor-section-height-default elementor-section-height-default\" data-id=\"71d9135\" data-element_type=\"section\" data-e-type=\"section\">\n\t\t\t\t\t\t<div class=\"elementor-container elementor-column-gap-default\">\n\t\t\t\t\t<div class=\"elementor-column elementor-col-100 elementor-top-column elementor-element elementor-element-4525c60\" data-id=\"4525c60\" data-element_type=\"column\" data-e-type=\"column\">\n\t\t\t<div class=\"elementor-widget-wrap elementor-element-populated\">\n\t\t\t\t\t\t<div class=\"elementor-element elementor-element-3cd4edc elementor-widget elementor-widget-shortcode\" data-id=\"3cd4edc\" data-element_type=\"widget\" data-e-type=\"widget\" data-widget_type=\"shortcode.default\">\n\t\t\t\t\t\t\t<div class=\"elementor-shortcode\"><div style=\"text-align: center;\"><div id=\"mp3jWrap_0\" class=\"mjp-s-wrapper s-graphic unsel-mjp outline verdana-mjp\" style=\"font-size:14px;\"><span id=\"playpause_wrap_mp3j_0\" class=\"wrap_inline_mp3j\" style=\"font-weight:700;\"><span class=\"gfxbutton_mp3j play-mjp\" id=\"playpause_mp3j_0\" style=\"font-size:14px;\">&nbsp;&nbsp;&nbsp;&nbsp;&nbsp;<\/span>&nbsp;<span class=\"group_wrap\"><span class=\"bars_mp3j\"><span class=\"loadB_mp3j\" id=\"load_mp3j_0\"><\/span><span class=\"posbarB_mp3j\" id=\"posbar_mp3j_0\"><\/span><\/span><span class=\"T_mp3j\" id=\"T_mp3j_0\" style=\"font-size:14px;\">Pierre Robichaud chante aux \u00celes-de-la-Madeleine<\/span><span class=\"indi_mp3j\" style=\"font-size:9.8px;\" id=\"statusMI_0\"><\/span><\/span><span class=\"vol_mp3j flipped\" id=\"vol_mp3j_0\"><\/span><\/span><\/div><span class=\"s-nosolution\" id=\"mp3j_nosolution_0\" style=\"display:none;\"><\/span><script>\nMP3jPLAYLISTS.inline_0 = [\n\t{ name: \"Pierre Robichaud chante aux iles de la Madeleine.mp3\", formats: [\"mp3\"], mp3: \"aHR0cHM6Ly9tb25kZWRlc3lsdmllZXRwaWVycmUuY2Evdm95YWdlL2F1ZGlvL1BpZXJyZSBSb2JpY2hhdWQgY2hhbnRlIGF1eCBpbGVzIGRlIGxhIE1hZGVsZWluZS5tcDM=\", counterpart:\"\", artist: \"\", image: \"\", imgurl: \"\" }\n];\n<\/script>\n\n<script>MP3jPLAYERS[0] = { list: MP3jPLAYLISTS.inline_0, tr:0, type:'single', lstate:'', loop:false, play_txt:'&nbsp;&nbsp;&nbsp;&nbsp;&nbsp;', pause_txt:'&nbsp;&nbsp;&nbsp;&nbsp;&nbsp;', pp_title:'', autoplay:true, download:false, vol:100, height:'' };<\/script><\/div><\/div>\n\t\t\t\t\t\t<\/div>\n\t\t\t\t\t<\/div>\n\t\t<\/div>\n\t\t\t\t\t<\/div>\n\t\t<\/section>\n\t\t\t\t<section class=\"elementor-section elementor-top-section elementor-element elementor-element-cc6ad0f elementor-section-boxed elementor-section-height-default elementor-section-height-default\" data-id=\"cc6ad0f\" data-element_type=\"section\" data-e-type=\"section\">\n\t\t\t\t\t\t<div class=\"elementor-container elementor-column-gap-default\">\n\t\t\t\t\t<div class=\"elementor-column elementor-col-100 elementor-top-column elementor-element elementor-element-1e7e8fa\" data-id=\"1e7e8fa\" data-element_type=\"column\" data-e-type=\"column\">\n\t\t\t<div class=\"elementor-widget-wrap elementor-element-populated\">\n\t\t\t\t\t\t<div class=\"elementor-element elementor-element-4ae55ee elementor-widget elementor-widget-image\" data-id=\"4ae55ee\" data-element_type=\"widget\" data-e-type=\"widget\" data-widget_type=\"image.default\">\n\t\t\t\t\t\t\t\t\t\t\t\t\t\t\t<img decoding=\"async\" width=\"350\" height=\"68\" src=\"https:\/\/mondedesylvieetpierre.ca\/voyage\/wp-content\/uploads\/2021\/07\/Divider_note_350x68.png\" class=\"attachment-pixelwars_theme_image_size_nullx500 size-pixelwars_theme_image_size_nullx500 wp-image-17963\" alt=\"\" srcset=\"https:\/\/mondedesylvieetpierre.ca\/voyage\/wp-content\/uploads\/2021\/07\/Divider_note_350x68.png 350w, https:\/\/mondedesylvieetpierre.ca\/voyage\/wp-content\/uploads\/2021\/07\/Divider_note_350x68-300x58.png 300w\" sizes=\"(max-width: 350px) 100vw, 350px\" \/>\t\t\t\t\t\t\t\t\t\t\t\t\t\t\t<\/div>\n\t\t\t\t\t<\/div>\n\t\t<\/div>\n\t\t\t\t\t<\/div>\n\t\t<\/section>\n\t\t\t\t<section class=\"elementor-section elementor-top-section elementor-element elementor-element-9078b1c elementor-section-boxed elementor-section-height-default elementor-section-height-default\" data-id=\"9078b1c\" data-element_type=\"section\" data-e-type=\"section\">\n\t\t\t\t\t\t<div class=\"elementor-container elementor-column-gap-default\">\n\t\t\t\t\t<div class=\"elementor-column elementor-col-100 elementor-top-column elementor-element elementor-element-c8d113f\" data-id=\"c8d113f\" data-element_type=\"column\" data-e-type=\"column\">\n\t\t\t<div class=\"elementor-widget-wrap elementor-element-populated\">\n\t\t\t\t\t\t<div class=\"elementor-element elementor-element-246d82a elementor-widget elementor-widget-text-editor\" data-id=\"246d82a\" data-element_type=\"widget\" data-e-type=\"widget\" data-widget_type=\"text-editor.default\">\n\t\t\t\t\t\t\t\t\t<p align=\"center\"><em><strong><a href=\"https:\/\/mondedesylvieetpierre.ca\/voyage\/wp-content\/uploads\/2021\/07\/Parole-de-la-chanson-Aux-Iles-de-Pierre-Robichaud-2.pdf\" target=\"_blank\" rel=\"noopener\"><img decoding=\"async\" src=\"https:\/\/mondedesylvieetpierre.ca\/voyage\/wp-content\/uploads\/2021\/07\/music_note.gif\" alt=\"music_note\" \/>Parole de la chanson \u00ab\u00a0Aux \u00celes\u00a0\u00bb de Pierre Robichaud<\/a><\/strong><\/em> <small>(en fichier PDF)<\/small><\/p>\t\t\t\t\t\t\t\t<\/div>\n\t\t\t\t\t<\/div>\n\t\t<\/div>\n\t\t\t\t\t<\/div>\n\t\t<\/section>\n\t\t\t\t<section class=\"elementor-section elementor-top-section elementor-element elementor-element-73f1643 elementor-section-boxed elementor-section-height-default elementor-section-height-default\" data-id=\"73f1643\" data-element_type=\"section\" data-e-type=\"section\">\n\t\t\t\t\t\t<div class=\"elementor-container elementor-column-gap-default\">\n\t\t\t\t\t<div class=\"elementor-column elementor-col-100 elementor-top-column elementor-element elementor-element-07515eb\" data-id=\"07515eb\" data-element_type=\"column\" data-e-type=\"column\">\n\t\t\t<div class=\"elementor-widget-wrap elementor-element-populated\">\n\t\t\t\t\t\t<div class=\"elementor-element elementor-element-c4a2c13 elementor-widget-divider--view-line_text elementor-widget-divider--element-align-center elementor-widget elementor-widget-divider\" data-id=\"c4a2c13\" data-element_type=\"widget\" data-e-type=\"widget\" data-widget_type=\"divider.default\">\n\t\t\t\t\t\t\t<div class=\"elementor-divider\">\n\t\t\t<span class=\"elementor-divider-separator\">\n\t\t\t\t\t\t\t<span class=\"elementor-divider__text elementor-divider__element\">\n\t\t\t\tPartager ce voyage\t\t\t\t<\/span>\n\t\t\t\t\t\t<\/span>\n\t\t<\/div>\n\t\t\t\t\t\t<\/div>\n\t\t\t\t\t<\/div>\n\t\t<\/div>\n\t\t\t\t\t<\/div>\n\t\t<\/section>\n\t\t\t\t<section class=\"elementor-section elementor-top-section elementor-element elementor-element-61e6a637 elementor-section-boxed elementor-section-height-default elementor-section-height-default\" data-id=\"61e6a637\" data-element_type=\"section\" data-e-type=\"section\">\n\t\t\t\t\t\t<div class=\"elementor-container elementor-column-gap-default\">\n\t\t\t\t\t<div class=\"elementor-column elementor-col-100 elementor-top-column elementor-element elementor-element-19f2c149\" data-id=\"19f2c149\" data-element_type=\"column\" data-e-type=\"column\">\n\t\t\t<div class=\"elementor-widget-wrap elementor-element-populated\">\n\t\t\t\t\t\t<div class=\"elementor-element elementor-element-4a60635 elementor-widget elementor-widget-shortcode\" data-id=\"4a60635\" data-element_type=\"widget\" data-e-type=\"widget\" data-widget_type=\"shortcode.default\">\n\t\t\t\t\t\t\t<div class=\"elementor-shortcode\"><div class=\"share-links\">\n\t<h3><span style=\"color: #999999;\">Partager ce voyage&nbsp;:<\/span> Notre s\u00e9jour aux \u00celes-de-la-Madeleine en 2021<\/h3>\t\n\t<div class=\"share-links-wrap\">\n\t\t<a rel=\"nofollow\" target=\"_blank\" href=\"mailto:?subject=Je voulais que vous voyez ce voyage&amp;body=Consultez ce voyage : Notre s\u00e9jour aux \u00celes-de-la-Madeleine accompagn\u00e9 d\u2019un groupe en 2021 - https:\/\/mondedesylvieetpierre.ca\/voyage\/?p=17192\" title=\"Envoyez ce voyage \u00e0 un ami\"><i class=\"pw-icon-mail\"><\/i><\/a>\t\t\n\t\t<a rel=\"nofollow\" target=\"_blank\" href=\"https:\/\/plus.google.com\/share?url=https:\/\/mondedesylvieetpierre.ca\/voyage\/?p=17192\" title=\"Partager sur Google+\"><i class=\"pw-icon-gplus\"><\/i><\/a>\t\t\n\t\t<a rel=\"nofollow\" target=\"_blank\" href=\"http:\/\/twitter.com\/home?status=En train de lire: 'Notre s\u00e9jour aux \u00celes-de-la-Madeleine accompagn\u00e9 d\u2019un groupe en 2021' https:\/\/mondedesylvieetpierre.ca\/voyage\/?p=17192\" title=\"\ufeffPartager ce voyage avec vos amis !\"><i class=\"pw-icon-twitter\"><\/i><\/a>\t\t\n\t\t<a rel=\"nofollow\" target=\"_blank\" href=\"http:\/\/www.facebook.com\/sharer.php?u=https:\/\/mondedesylvieetpierre.ca\/voyage\/?p=17192&amp;t=Notre s\u00e9jour aux \u00celes-de-la-Madeleine accompagn\u00e9 d\u2019un groupe en 2021\" title=\"Partager ce voyage sur Facebook\"><i class=\"pw-icon-facebook\"><\/i><\/a>\n\t<\/div>\n<\/div><\/div>\n\t\t\t\t\t\t<\/div>\n\t\t\t\t\t<\/div>\n\t\t<\/div>\n\t\t\t\t\t<\/div>\n\t\t<\/section>\n\t\t\t\t<section class=\"elementor-section elementor-top-section elementor-element elementor-element-7b3378d elementor-section-boxed elementor-section-height-default elementor-section-height-default\" data-id=\"7b3378d\" data-element_type=\"section\" data-e-type=\"section\">\n\t\t\t\t\t\t<div class=\"elementor-container elementor-column-gap-default\">\n\t\t\t\t\t<div class=\"elementor-column elementor-col-100 elementor-top-column elementor-element elementor-element-b93de6a\" data-id=\"b93de6a\" data-element_type=\"column\" data-e-type=\"column\">\n\t\t\t<div class=\"elementor-widget-wrap elementor-element-populated\">\n\t\t\t\t\t\t<div class=\"elementor-element elementor-element-0ea3871 elementor-widget-divider--view-line_text elementor-widget-divider--element-align-center elementor-widget elementor-widget-divider\" data-id=\"0ea3871\" data-element_type=\"widget\" data-e-type=\"widget\" data-widget_type=\"divider.default\">\n\t\t\t\t\t\t\t<div class=\"elementor-divider\">\n\t\t\t<span class=\"elementor-divider-separator\">\n\t\t\t\t\t\t\t<span class=\"elementor-divider__text elementor-divider__element\">\n\t\t\t\tVoir d'autres voyages\t\t\t\t<\/span>\n\t\t\t\t\t\t<\/span>\n\t\t<\/div>\n\t\t\t\t\t\t<\/div>\n\t\t\t\t\t<\/div>\n\t\t<\/div>\n\t\t\t\t\t<\/div>\n\t\t<\/section>\n\t\t\t\t<section class=\"elementor-section elementor-top-section elementor-element elementor-element-ae635a3 elementor-section-boxed elementor-section-height-default elementor-section-height-default\" data-id=\"ae635a3\" data-element_type=\"section\" data-e-type=\"section\">\n\t\t\t\t\t\t<div class=\"elementor-container elementor-column-gap-default\">\n\t\t\t\t\t<div class=\"elementor-column elementor-col-25 elementor-top-column elementor-element elementor-element-83c8f71\" data-id=\"83c8f71\" data-element_type=\"column\" data-e-type=\"column\">\n\t\t\t<div class=\"elementor-widget-wrap elementor-element-populated\">\n\t\t\t\t\t\t<div class=\"elementor-element elementor-element-43d77c3 elementor-view-default elementor-widget elementor-widget-icon\" data-id=\"43d77c3\" data-element_type=\"widget\" data-e-type=\"widget\" data-widget_type=\"icon.default\">\n\t\t\t\t\t\t\t<div class=\"elementor-icon-wrapper\">\n\t\t\t<a class=\"elementor-icon\" href=\"https:\/\/mondedesylvieetpierre.ca\/voyage\/?p=18041\">\n\t\t\t<svg aria-hidden=\"true\" class=\"e-font-icon-svg e-far-caret-square-left\" viewBox=\"0 0 448 512\" xmlns=\"http:\/\/www.w3.org\/2000\/svg\"><path d=\"M272 157.1v197.8c0 10.7-13 16.1-20.5 8.5l-98.3-98.9c-4.7-4.7-4.7-12.2 0-16.9l98.3-98.9c7.5-7.7 20.5-2.3 20.5 8.4zM448 80v352c0 26.5-21.5 48-48 48H48c-26.5 0-48-21.5-48-48V80c0-26.5 21.5-48 48-48h352c26.5 0 48 21.5 48 48zm-48 346V86c0-3.3-2.7-6-6-6H54c-3.3 0-6 2.7-6 6v340c0 3.3 2.7 6 6 6h340c3.3 0 6-2.7 6-6z\"><\/path><\/svg>\t\t\t<\/a>\n\t\t<\/div>\n\t\t\t\t\t\t<\/div>\n\t\t\t\t\t<\/div>\n\t\t<\/div>\n\t\t\t\t<div class=\"elementor-column elementor-col-25 elementor-top-column elementor-element elementor-element-025b6c7\" data-id=\"025b6c7\" data-element_type=\"column\" data-e-type=\"column\">\n\t\t\t<div class=\"elementor-widget-wrap elementor-element-populated\">\n\t\t\t\t\t\t<div class=\"elementor-element elementor-element-cb1dcfe elementor-widget elementor-widget-heading\" data-id=\"cb1dcfe\" data-element_type=\"widget\" data-e-type=\"widget\" data-widget_type=\"heading.default\">\n\t\t\t\t\t<h2 class=\"elementor-heading-title elementor-size-medium\">Notre s\u00e9jour \u00e0 Qu\u00e9bec en 2021<\/h2>\t\t\t\t<\/div>\n\t\t\t\t\t<\/div>\n\t\t<\/div>\n\t\t\t\t<div class=\"elementor-column elementor-col-25 elementor-top-column elementor-element elementor-element-804d221\" data-id=\"804d221\" data-element_type=\"column\" data-e-type=\"column\">\n\t\t\t<div class=\"elementor-widget-wrap elementor-element-populated\">\n\t\t\t\t\t\t<div class=\"elementor-element elementor-element-88d966f elementor-widget elementor-widget-heading\" data-id=\"88d966f\" data-element_type=\"widget\" data-e-type=\"widget\" data-widget_type=\"heading.default\">\n\t\t\t\t\t<h2 class=\"elementor-heading-title elementor-size-medium\">Notre s\u00e9jour \u00e0 Tadoussac en 2020<\/h2>\t\t\t\t<\/div>\n\t\t\t\t\t<\/div>\n\t\t<\/div>\n\t\t\t\t<div class=\"elementor-column elementor-col-25 elementor-top-column elementor-element elementor-element-2920966\" data-id=\"2920966\" data-element_type=\"column\" data-e-type=\"column\">\n\t\t\t<div class=\"elementor-widget-wrap elementor-element-populated\">\n\t\t\t\t\t\t<div class=\"elementor-element elementor-element-e8d6aae elementor-view-default elementor-widget elementor-widget-icon\" data-id=\"e8d6aae\" data-element_type=\"widget\" data-e-type=\"widget\" data-widget_type=\"icon.default\">\n\t\t\t\t\t\t\t<div class=\"elementor-icon-wrapper\">\n\t\t\t<a class=\"elementor-icon\" href=\"https:\/\/mondedesylvieetpierre.ca\/voyage\/?p=17005\">\n\t\t\t<svg aria-hidden=\"true\" class=\"e-font-icon-svg e-far-caret-square-right\" viewBox=\"0 0 448 512\" xmlns=\"http:\/\/www.w3.org\/2000\/svg\"><path d=\"M176 354.9V157.1c0-10.7 13-16.1 20.5-8.5l98.3 98.9c4.7 4.7 4.7 12.2 0 16.9l-98.3 98.9c-7.5 7.7-20.5 2.3-20.5-8.4zM448 80v352c0 26.5-21.5 48-48 48H48c-26.5 0-48-21.5-48-48V80c0-26.5 21.5-48 48-48h352c26.5 0 48 21.5 48 48zm-48 346V86c0-3.3-2.7-6-6-6H54c-3.3 0-6 2.7-6 6v340c0 3.3 2.7 6 6 6h340c3.3 0 6-2.7 6-6z\"><\/path><\/svg>\t\t\t<\/a>\n\t\t<\/div>\n\t\t\t\t\t\t<\/div>\n\t\t\t\t\t<\/div>\n\t\t<\/div>\n\t\t\t\t\t<\/div>\n\t\t<\/section>\n\t\t\t\t<\/div>\n\t\t","protected":false},"excerpt":{"rendered":"<p>Notre s\u00e9jour aux \u00celes-de-la-Madeleine d\u2019une dur\u00e9e de 8 jours du 6 au 13 juillet accompagn\u00e9 d\u2019un groupe de 8 personnes, soit Sylvie et Pierre, Sylvie et Daniel, Flore et Luc et Nicole et Richard en 2021.<\/p>\n","protected":false},"author":1,"featured_media":0,"comment_status":"closed","ping_status":"closed","sticky":false,"template":"elementor_header_footer","format":"standard","meta":{"footnotes":""},"categories":[192],"tags":[],"class_list":["post-17192","post","type-post","status-publish","format-standard","hentry","category-sejour-iles-de-la-madeleine-2021"],"_links":{"self":[{"href":"https:\/\/mondedesylvieetpierre.ca\/voyage\/index.php?rest_route=\/wp\/v2\/posts\/17192","targetHints":{"allow":["GET"]}}],"collection":[{"href":"https:\/\/mondedesylvieetpierre.ca\/voyage\/index.php?rest_route=\/wp\/v2\/posts"}],"about":[{"href":"https:\/\/mondedesylvieetpierre.ca\/voyage\/index.php?rest_route=\/wp\/v2\/types\/post"}],"author":[{"embeddable":true,"href":"https:\/\/mondedesylvieetpierre.ca\/voyage\/index.php?rest_route=\/wp\/v2\/users\/1"}],"replies":[{"embeddable":true,"href":"https:\/\/mondedesylvieetpierre.ca\/voyage\/index.php?rest_route=%2Fwp%2Fv2%2Fcomments&post=17192"}],"version-history":[{"count":0,"href":"https:\/\/mondedesylvieetpierre.ca\/voyage\/index.php?rest_route=\/wp\/v2\/posts\/17192\/revisions"}],"wp:attachment":[{"href":"https:\/\/mondedesylvieetpierre.ca\/voyage\/index.php?rest_route=%2Fwp%2Fv2%2Fmedia&parent=17192"}],"wp:term":[{"taxonomy":"category","embeddable":true,"href":"https:\/\/mondedesylvieetpierre.ca\/voyage\/index.php?rest_route=%2Fwp%2Fv2%2Fcategories&post=17192"},{"taxonomy":"post_tag","embeddable":true,"href":"https:\/\/mondedesylvieetpierre.ca\/voyage\/index.php?rest_route=%2Fwp%2Fv2%2Ftags&post=17192"}],"curies":[{"name":"wp","href":"https:\/\/api.w.org\/{rel}","templated":true}]}}