{"id":18145,"date":"2021-09-17T09:24:44","date_gmt":"2021-09-17T14:24:44","guid":{"rendered":"https:\/\/mondedesylvieetpierre.ca\/voyage\/?p=18145"},"modified":"2023-12-11T17:50:21","modified_gmt":"2023-12-11T22:50:21","slug":"notre-visite-accompagne-de-daniel-et-sylvie-au-mont-et-lac-megantic-en-2021","status":"publish","type":"post","link":"https:\/\/mondedesylvieetpierre.ca\/voyage\/?p=18145","title":{"rendered":"Notre visite au Mont-M\u00e9gantic et Lac-M\u00e9gantic en 2021"},"content":{"rendered":"\t\t<div data-elementor-type=\"wp-post\" data-elementor-id=\"18145\" class=\"elementor elementor-18145\" data-elementor-post-type=\"post\">\n\t\t\t\t\t\t<section class=\"elementor-section elementor-top-section elementor-element elementor-element-00890ef elementor-section-boxed elementor-section-height-default elementor-section-height-default\" data-id=\"00890ef\" data-element_type=\"section\" data-e-type=\"section\">\n\t\t\t\t\t\t<div class=\"elementor-container elementor-column-gap-default\">\n\t\t\t\t\t<div class=\"elementor-column elementor-col-100 elementor-top-column elementor-element elementor-element-3616107\" data-id=\"3616107\" data-element_type=\"column\" data-e-type=\"column\">\n\t\t\t<div class=\"elementor-widget-wrap elementor-element-populated\">\n\t\t\t\t\t\t<div class=\"elementor-element elementor-element-e1ae58c elementor-widget elementor-widget-heading\" data-id=\"e1ae58c\" data-element_type=\"widget\" data-e-type=\"widget\" data-widget_type=\"heading.default\">\n\t\t\t\t\t<h2 class=\"elementor-heading-title elementor-size-large\">Notre s\u00e9jour<br \/>\nau Mont-M\u00e9gantic et au Lac-M\u00e9gantic<br \/>\nen 2021<\/h2>\t\t\t\t<\/div>\n\t\t\t\t\t<\/div>\n\t\t<\/div>\n\t\t\t\t\t<\/div>\n\t\t<\/section>\n\t\t\t\t<section class=\"elementor-section elementor-top-section elementor-element elementor-element-187b0d9 elementor-section-boxed elementor-section-height-default elementor-section-height-default\" data-id=\"187b0d9\" data-element_type=\"section\" data-e-type=\"section\">\n\t\t\t\t\t\t<div class=\"elementor-container elementor-column-gap-default\">\n\t\t\t\t\t<div class=\"elementor-column elementor-col-100 elementor-top-column elementor-element elementor-element-a9c25e4\" data-id=\"a9c25e4\" data-element_type=\"column\" data-e-type=\"column\">\n\t\t\t<div class=\"elementor-widget-wrap elementor-element-populated\">\n\t\t\t\t\t\t<div class=\"elementor-element elementor-element-314abac elementor-widget elementor-widget-image\" data-id=\"314abac\" data-element_type=\"widget\" data-e-type=\"widget\" data-widget_type=\"image.default\">\n\t\t\t\t\t\t\t\t\t\t\t\t<figure class=\"wp-caption\">\n\t\t\t\t\t\t\t\t\t\t<img decoding=\"async\" width=\"100\" height=\"67\" src=\"https:\/\/mondedesylvieetpierre.ca\/voyage\/wp-content\/uploads\/2016\/03\/Flag_of_Quebec.png\" class=\"attachment-large size-large wp-image-9895\" alt=\"\" \/>\t\t\t\t\t\t\t\t\t\t\t<figcaption class=\"widget-image-caption wp-caption-text\">Province de Qu\u00e9bec<\/figcaption>\n\t\t\t\t\t\t\t\t\t\t<\/figure>\n\t\t\t\t\t\t\t\t\t<\/div>\n\t\t\t\t\t<\/div>\n\t\t<\/div>\n\t\t\t\t\t<\/div>\n\t\t<\/section>\n\t\t\t\t<section class=\"elementor-section elementor-top-section elementor-element elementor-element-042ea79 elementor-section-boxed elementor-section-height-default elementor-section-height-default\" data-id=\"042ea79\" data-element_type=\"section\" data-e-type=\"section\">\n\t\t\t\t\t\t<div class=\"elementor-container elementor-column-gap-default\">\n\t\t\t\t\t<div class=\"elementor-column elementor-col-100 elementor-top-column elementor-element elementor-element-71679c8\" data-id=\"71679c8\" data-element_type=\"column\" data-e-type=\"column\">\n\t\t\t<div class=\"elementor-widget-wrap elementor-element-populated\">\n\t\t\t\t\t\t<div class=\"elementor-element elementor-element-7e5c864 elementor-widget elementor-widget-image\" data-id=\"7e5c864\" data-element_type=\"widget\" data-e-type=\"widget\" data-widget_type=\"image.default\">\n\t\t\t\t\t\t\t\t\t\t\t\t\t\t\t<img fetchpriority=\"high\" decoding=\"async\" width=\"569\" height=\"113\" src=\"https:\/\/mondedesylvieetpierre.ca\/voyage\/wp-content\/uploads\/2022\/02\/Line_travel_car_divider.png\" class=\"attachment-large size-large wp-image-18720\" alt=\"\" srcset=\"https:\/\/mondedesylvieetpierre.ca\/voyage\/wp-content\/uploads\/2022\/02\/Line_travel_car_divider.png 569w, https:\/\/mondedesylvieetpierre.ca\/voyage\/wp-content\/uploads\/2022\/02\/Line_travel_car_divider-300x60.png 300w\" sizes=\"(max-width: 569px) 100vw, 569px\" \/>\t\t\t\t\t\t\t\t\t\t\t\t\t\t\t<\/div>\n\t\t\t\t\t<\/div>\n\t\t<\/div>\n\t\t\t\t\t<\/div>\n\t\t<\/section>\n\t\t\t\t<section class=\"elementor-section elementor-top-section elementor-element elementor-element-9000f78 elementor-section-boxed elementor-section-height-default elementor-section-height-default\" data-id=\"9000f78\" data-element_type=\"section\" data-e-type=\"section\">\n\t\t\t\t\t\t<div class=\"elementor-container elementor-column-gap-default\">\n\t\t\t\t\t<div class=\"elementor-column elementor-col-100 elementor-top-column elementor-element elementor-element-65e734a\" data-id=\"65e734a\" data-element_type=\"column\" data-e-type=\"column\">\n\t\t\t<div class=\"elementor-widget-wrap elementor-element-populated\">\n\t\t\t\t\t\t<div class=\"elementor-element elementor-element-1a03a92 elementor-widget-divider--view-line_text elementor-widget-divider--element-align-center elementor-widget elementor-widget-divider\" data-id=\"1a03a92\" data-element_type=\"widget\" data-e-type=\"widget\" data-widget_type=\"divider.default\">\n\t\t\t\t\t\t\t<div class=\"elementor-divider\">\n\t\t\t<span class=\"elementor-divider-separator\">\n\t\t\t\t\t\t\t<span class=\"elementor-divider__text elementor-divider__element\">\n\t\t\t\tINFO-VOYAGE\t\t\t\t<\/span>\n\t\t\t\t\t\t<\/span>\n\t\t<\/div>\n\t\t\t\t\t\t<\/div>\n\t\t\t\t\t<\/div>\n\t\t<\/div>\n\t\t\t\t\t<\/div>\n\t\t<\/section>\n\t\t\t\t<section class=\"elementor-section elementor-top-section elementor-element elementor-element-9771383 elementor-section-boxed elementor-section-height-default elementor-section-height-default\" data-id=\"9771383\" data-element_type=\"section\" data-e-type=\"section\">\n\t\t\t\t\t\t<div class=\"elementor-container elementor-column-gap-default\">\n\t\t\t\t\t<div class=\"elementor-column elementor-col-100 elementor-top-column elementor-element elementor-element-8b5d8b2\" data-id=\"8b5d8b2\" data-element_type=\"column\" data-e-type=\"column\">\n\t\t\t<div class=\"elementor-widget-wrap elementor-element-populated\">\n\t\t\t\t\t\t<div class=\"elementor-element elementor-element-b938620 elementor-widget elementor-widget-gallery\" data-id=\"b938620\" data-element_type=\"widget\" data-e-type=\"widget\" data-settings=\"{&quot;columns&quot;:2,&quot;overlay_title&quot;:&quot;caption&quot;,&quot;lazyload&quot;:&quot;yes&quot;,&quot;gallery_layout&quot;:&quot;grid&quot;,&quot;columns_tablet&quot;:2,&quot;columns_mobile&quot;:1,&quot;gap&quot;:{&quot;unit&quot;:&quot;px&quot;,&quot;size&quot;:10,&quot;sizes&quot;:[]},&quot;gap_tablet&quot;:{&quot;unit&quot;:&quot;px&quot;,&quot;size&quot;:10,&quot;sizes&quot;:[]},&quot;gap_mobile&quot;:{&quot;unit&quot;:&quot;px&quot;,&quot;size&quot;:10,&quot;sizes&quot;:[]},&quot;link_to&quot;:&quot;file&quot;,&quot;aspect_ratio&quot;:&quot;3:2&quot;,&quot;overlay_background&quot;:&quot;yes&quot;,&quot;content_hover_animation&quot;:&quot;fade-in&quot;}\" data-widget_type=\"gallery.default\">\n\t\t\t\t\t\t\t<div class=\"elementor-gallery__container\">\n\t\t\t\t\t\t\t<a class=\"e-gallery-item elementor-gallery-item elementor-animated-content\" href=\"https:\/\/mondedesylvieetpierre.ca\/voyage\/wp-content\/uploads\/2021\/09\/2021-09-01-NK7_7116_1200x800.jpg\" data-elementor-open-lightbox=\"yes\" data-elementor-lightbox-slideshow=\"b938620\" data-elementor-lightbox-title=\"2021-09-01-NK7_7116_1200x800\" data-e-action-hash=\"#elementor-action%3Aaction%3Dlightbox%26settings%3DeyJpZCI6MTgxMjgsInVybCI6Imh0dHBzOlwvXC9tb25kZWRlc3lsdmllZXRwaWVycmUuY2FcL3ZveWFnZVwvd3AtY29udGVudFwvdXBsb2Fkc1wvMjAyMVwvMDlcLzIwMjEtMDktMDEtTks3XzcxMTZfMTIwMHg4MDAuanBnIiwic2xpZGVzaG93IjoiYjkzODYyMCJ9\">\n\t\t\t\t\t<div class=\"e-gallery-image elementor-gallery-item__image\" data-thumbnail=\"https:\/\/mondedesylvieetpierre.ca\/voyage\/wp-content\/uploads\/2021\/09\/2021-09-01-NK7_7116_1200x800-600x400.jpg\" data-width=\"600\" data-height=\"400\" aria-label=\"\" role=\"img\" ><\/div>\n\t\t\t\t\t\t\t\t\t\t\t<div class=\"elementor-gallery-item__overlay\"><\/div>\n\t\t\t\t\t\t\t\t\t\t\t\t\t\t\t<div class=\"elementor-gallery-item__content\">\n\t\t\t\t\t\t\t\t\t\t\t\t\t\t<div class=\"elementor-gallery-item__title\">\n\t\t\t\t\t\t\t\t\t\t\t\t\t\t\t\t\t\tL'observatoire du Mont-M\u00e9gantic.\nLe t\u00e9lescope de 1,6 m est utilis\u00e9 essentiellement pour faire de la recherche de pointe en astronomie. Les utilisateurs sont habituellement les professeurs\/chercheurs des universit\u00e9s de Montr\u00e9al et Laval ainsi que leurs \u00e9tudiant(e)s aux cycles sup\u00e9rieurs.\t\t\t\t\t\t\t\t<\/div>\n\t\t\t\t\t\t\t\t\t\t\t\t<\/div>\n\t\t\t\t\t\t\t\t\t<\/a>\n\t\t\t\t\t\t\t<a class=\"e-gallery-item elementor-gallery-item elementor-animated-content\" href=\"https:\/\/mondedesylvieetpierre.ca\/voyage\/wp-content\/uploads\/2021\/09\/2021-09-01-NK7_7150_1200x800.jpg\" data-elementor-open-lightbox=\"yes\" data-elementor-lightbox-slideshow=\"b938620\" data-elementor-lightbox-title=\"2021-09-01-NK7_7150_1200x800\" data-e-action-hash=\"#elementor-action%3Aaction%3Dlightbox%26settings%3DeyJpZCI6MTgxMjksInVybCI6Imh0dHBzOlwvXC9tb25kZWRlc3lsdmllZXRwaWVycmUuY2FcL3ZveWFnZVwvd3AtY29udGVudFwvdXBsb2Fkc1wvMjAyMVwvMDlcLzIwMjEtMDktMDEtTks3XzcxNTBfMTIwMHg4MDAuanBnIiwic2xpZGVzaG93IjoiYjkzODYyMCJ9\">\n\t\t\t\t\t<div class=\"e-gallery-image elementor-gallery-item__image\" data-thumbnail=\"https:\/\/mondedesylvieetpierre.ca\/voyage\/wp-content\/uploads\/2021\/09\/2021-09-01-NK7_7150_1200x800-600x400.jpg\" data-width=\"600\" data-height=\"400\" aria-label=\"\" role=\"img\" ><\/div>\n\t\t\t\t\t\t\t\t\t\t\t<div class=\"elementor-gallery-item__overlay\"><\/div>\n\t\t\t\t\t\t\t\t\t\t\t\t\t\t\t<div class=\"elementor-gallery-item__content\">\n\t\t\t\t\t\t\t\t\t\t\t\t\t\t<div class=\"elementor-gallery-item__title\">\n\t\t\t\t\t\t\t\t\t\t\t\t\t\t\t\t\t\tSur l\u2019un des trois sommets du mont M\u00e9gantic. Le Mont-Saint-Joseph abrite une petite chapelle centenaire qui a \u00e9t\u00e9 construite en 1881, une croix et un paysage \u00e0 couper le souffle.\t\t\t\t\t\t\t\t<\/div>\n\t\t\t\t\t\t\t\t\t\t\t\t<\/div>\n\t\t\t\t\t\t\t\t\t<\/a>\n\t\t\t\t\t\t\t<a class=\"e-gallery-item elementor-gallery-item elementor-animated-content\" href=\"https:\/\/mondedesylvieetpierre.ca\/voyage\/wp-content\/uploads\/2021\/09\/2021-09-01-NK7_7222_1200x800.jpg\" data-elementor-open-lightbox=\"yes\" data-elementor-lightbox-slideshow=\"b938620\" data-elementor-lightbox-title=\"2021-09-01-NK7_7222_1200x800\" data-e-action-hash=\"#elementor-action%3Aaction%3Dlightbox%26settings%3DeyJpZCI6MTgxMzAsInVybCI6Imh0dHBzOlwvXC9tb25kZWRlc3lsdmllZXRwaWVycmUuY2FcL3ZveWFnZVwvd3AtY29udGVudFwvdXBsb2Fkc1wvMjAyMVwvMDlcLzIwMjEtMDktMDEtTks3XzcyMjJfMTIwMHg4MDAuanBnIiwic2xpZGVzaG93IjoiYjkzODYyMCJ9\">\n\t\t\t\t\t<div class=\"e-gallery-image elementor-gallery-item__image\" data-thumbnail=\"https:\/\/mondedesylvieetpierre.ca\/voyage\/wp-content\/uploads\/2021\/09\/2021-09-01-NK7_7222_1200x800-600x400.jpg\" data-width=\"600\" data-height=\"400\" aria-label=\"\" role=\"img\" ><\/div>\n\t\t\t\t\t\t\t\t\t\t\t<div class=\"elementor-gallery-item__overlay\"><\/div>\n\t\t\t\t\t\t\t\t\t\t\t\t\t\t\t<div class=\"elementor-gallery-item__content\">\n\t\t\t\t\t\t\t\t\t\t\t\t\t\t<div class=\"elementor-gallery-item__title\">\n\t\t\t\t\t\t\t\t\t\t\t\t\t\t\t\t\t\tL\u2019Espace M\u00e9moire se veut un ancrage pour nos communaut\u00e9s avenir pour ne pas oublier la trag\u00e9die du 6 juillet 2013 du d\u00e9raillement ferroviaire transportant du p\u00e9trole qui a fait 47 victimes.\t\t\t\t\t\t\t\t<\/div>\n\t\t\t\t\t\t\t\t\t\t\t\t<\/div>\n\t\t\t\t\t\t\t\t\t<\/a>\n\t\t\t\t\t\t\t<a class=\"e-gallery-item elementor-gallery-item elementor-animated-content\" href=\"https:\/\/mondedesylvieetpierre.ca\/voyage\/wp-content\/uploads\/2021\/09\/2021-09-01-NK7_7262_1200x800.jpg\" data-elementor-open-lightbox=\"yes\" data-elementor-lightbox-slideshow=\"b938620\" data-elementor-lightbox-title=\"2021-09-01-NK7_7262_1200x800\" data-e-action-hash=\"#elementor-action%3Aaction%3Dlightbox%26settings%3DeyJpZCI6MTgxMzEsInVybCI6Imh0dHBzOlwvXC9tb25kZWRlc3lsdmllZXRwaWVycmUuY2FcL3ZveWFnZVwvd3AtY29udGVudFwvdXBsb2Fkc1wvMjAyMVwvMDlcLzIwMjEtMDktMDEtTks3XzcyNjJfMTIwMHg4MDAuanBnIiwic2xpZGVzaG93IjoiYjkzODYyMCJ9\">\n\t\t\t\t\t<div class=\"e-gallery-image elementor-gallery-item__image\" data-thumbnail=\"https:\/\/mondedesylvieetpierre.ca\/voyage\/wp-content\/uploads\/2021\/09\/2021-09-01-NK7_7262_1200x800-600x400.jpg\" data-width=\"600\" data-height=\"400\" aria-label=\"\" role=\"img\" ><\/div>\n\t\t\t\t\t\t\t\t\t\t\t<div class=\"elementor-gallery-item__overlay\"><\/div>\n\t\t\t\t\t\t\t\t\t\t\t\t\t\t\t<div class=\"elementor-gallery-item__content\">\n\t\t\t\t\t\t\t\t\t\t\t\t\t\t<div class=\"elementor-gallery-item__title\">\n\t\t\t\t\t\t\t\t\t\t\t\t\t\t\t\t\t\tM\u00e9morial au cimeti\u00e8re pour se rappeler des 47 personnes qui ont perdu la vie dans la trag\u00e9die ferroviaire en 2013.\t\t\t\t\t\t\t\t<\/div>\n\t\t\t\t\t\t\t\t\t\t\t\t<\/div>\n\t\t\t\t\t\t\t\t\t<\/a>\n\t\t\t\t\t<\/div>\n\t\t\t\t\t<\/div>\n\t\t\t\t\t<\/div>\n\t\t<\/div>\n\t\t\t\t\t<\/div>\n\t\t<\/section>\n\t\t\t\t<section class=\"elementor-section elementor-top-section elementor-element elementor-element-c752c0f elementor-section-boxed elementor-section-height-default elementor-section-height-default\" data-id=\"c752c0f\" data-element_type=\"section\" data-e-type=\"section\">\n\t\t\t\t\t\t<div class=\"elementor-container elementor-column-gap-default\">\n\t\t\t\t\t<div class=\"elementor-column elementor-col-100 elementor-top-column elementor-element elementor-element-f2722e8\" data-id=\"f2722e8\" data-element_type=\"column\" data-e-type=\"column\">\n\t\t\t<div class=\"elementor-widget-wrap elementor-element-populated\">\n\t\t\t\t\t\t<div class=\"elementor-element elementor-element-dd4b436 elementor-widget elementor-widget-text-editor\" data-id=\"dd4b436\" data-element_type=\"widget\" data-e-type=\"widget\" data-widget_type=\"text-editor.default\">\n\t\t\t\t\t\t\t\t\t<h5 style=\"text-align: center;\">Notre visite au Mont-M\u00e9gantic et au Lac\u00a0M\u00e9gantic, seulement une journ\u00e9e le 1<sup>er<\/sup> septembre accompagn\u00e9 de <em>Daniel<\/em> et <em>Sylvie<\/em>.<\/h5>\n<p style=\"text-align: center;\">Une petite escale dans la r\u00e9gion de M\u00e9gantic avec ses 60\u00a0lacs et sa route des Sommets.<br \/>\nNous avons visit\u00e9 le Parc du Mont-M\u00e9gantic en auto jusqu&rsquo;au sommet vers l&rsquo;Observatoire de renomm\u00e9e internationale et le Mont St-Joseph avec son c\u00f4t\u00e9 spirituelle o\u00f9 nous avons fait un super pique-nique avec une vue inoubliable.<br \/>\nNous avons visit\u00e9 l&rsquo;Astrolab au pied du Mont-M\u00e9gantic.<br \/>\nPar la suite, nous nous sommes dirig\u00e9 vers la ville du Lac-M\u00e9gantic, une ville en reconstruction depuis les \u00e9v\u00e9nements du 6&nbsp;juillet&nbsp;2013.<br \/>\nNous avons eu la chance de rencontrer un citoyen et un ambulancier qui \u00e9tait pr\u00e9sent lors de l&rsquo;accident ferroviaire.<br \/>\nSon t\u00e9moignage nous a donn\u00e9 des frissons et nos coeurs \u00e9taient solidaires aux cons\u00e9quences que les citoyens ont pu vivre suite \u00e0 cette trag\u00e9die qui a fait 47&nbsp;victimes\u00a0innocentes.\nNous avons emprunt\u00e9 un circuit historique et culturel qui nous a permis de constater le site de la ville avant et apr\u00e8s le 6\u00a0juillet\u00a02013.<br \/>\nOn a termin\u00e9 notre journ\u00e9e dans une micro-brasserie soit La Gare&rsquo;nison avec une bonne bi\u00e8re&nbsp;!!!<br \/>\n<em>Bon visionnement\u00a0!!!<\/em><\/p>\t\t\t\t\t\t\t\t<\/div>\n\t\t\t\t\t<\/div>\n\t\t<\/div>\n\t\t\t\t\t<\/div>\n\t\t<\/section>\n\t\t\t\t<section class=\"elementor-section elementor-top-section elementor-element elementor-element-7673788 elementor-section-boxed elementor-section-height-default elementor-section-height-default\" data-id=\"7673788\" data-element_type=\"section\" data-e-type=\"section\">\n\t\t\t\t\t\t<div class=\"elementor-container elementor-column-gap-default\">\n\t\t\t\t\t<div class=\"elementor-column elementor-col-100 elementor-top-column elementor-element elementor-element-4f98391\" data-id=\"4f98391\" data-element_type=\"column\" data-e-type=\"column\">\n\t\t\t<div class=\"elementor-widget-wrap elementor-element-populated\">\n\t\t\t\t\t\t<div class=\"elementor-element elementor-element-063bf3d elementor-widget-divider--view-line_text elementor-widget-divider--element-align-center elementor-widget elementor-widget-divider\" data-id=\"063bf3d\" data-element_type=\"widget\" data-e-type=\"widget\" data-widget_type=\"divider.default\">\n\t\t\t\t\t\t\t<div class=\"elementor-divider\">\n\t\t\t<span class=\"elementor-divider-separator\">\n\t\t\t\t\t\t\t<span class=\"elementor-divider__text elementor-divider__element\">\n\t\t\t\tVenez voir nos photos et vid\u00e9os\t\t\t\t<\/span>\n\t\t\t\t\t\t<\/span>\n\t\t<\/div>\n\t\t\t\t\t\t<\/div>\n\t\t\t\t\t<\/div>\n\t\t<\/div>\n\t\t\t\t\t<\/div>\n\t\t<\/section>\n\t\t\t\t<section class=\"elementor-section elementor-top-section elementor-element elementor-element-b42a66f elementor-section-boxed elementor-section-height-default elementor-section-height-default\" data-id=\"b42a66f\" data-element_type=\"section\" data-e-type=\"section\">\n\t\t\t\t\t\t<div class=\"elementor-container elementor-column-gap-default\">\n\t\t\t\t\t<div class=\"elementor-column elementor-col-33 elementor-top-column elementor-element elementor-element-c6a2ac3\" data-id=\"c6a2ac3\" data-element_type=\"column\" data-e-type=\"column\">\n\t\t\t<div class=\"elementor-widget-wrap\">\n\t\t\t\t\t\t\t<\/div>\n\t\t<\/div>\n\t\t\t\t<div class=\"elementor-column elementor-col-33 elementor-top-column elementor-element elementor-element-78511e6\" data-id=\"78511e6\" data-element_type=\"column\" data-e-type=\"column\">\n\t\t\t<div class=\"elementor-widget-wrap elementor-element-populated\">\n\t\t\t\t\t\t<div class=\"elementor-element elementor-element-ee20554 elementor-widget elementor-widget-shortcode\" data-id=\"ee20554\" data-element_type=\"widget\" data-e-type=\"widget\" data-widget_type=\"shortcode.default\">\n\t\t\t\t\t\t\t<div class=\"elementor-shortcode\"><div class=\"toggle-group\">\n<div class=\"toggle\"><h4>Nos photos et vid\u00e9os du Mont-M\u00e9gantic et Lac-M\u00e9gantic<\/h4><div class=\"toggle-content\">\n<h2 class=\"section-title center\">VOIR NOS 109 PHOTOS<\/h2>\n<iframe src=\"https:\/\/public.joomeo.com\/albums\/6133555a013c2\/slideshow?iframe=1\" width=\"500\" height=\"333\" frameborder=\"0\" scrolling=\"no\" allowfullscreen=\"allowfullscreen\"><\/iframe>\n<h2 class=\"section-title center\">VOIR NOS 2 VID\u00c9OS<\/h2>\n<iframe src=\"https:\/\/public.joomeo.com\/albums\/6142010ac71f6\/slideshow?iframe=1\" width=\"500\" height=\"333\" frameborder=\"0\" scrolling=\"no\" allowfullscreen=\"allowfullscreen\"><\/iframe>\n<\/div><\/div>\n<\/div><\/div>\n\t\t\t\t\t\t<\/div>\n\t\t\t\t\t<\/div>\n\t\t<\/div>\n\t\t\t\t<div class=\"elementor-column elementor-col-33 elementor-top-column elementor-element elementor-element-34acba9\" data-id=\"34acba9\" data-element_type=\"column\" data-e-type=\"column\">\n\t\t\t<div class=\"elementor-widget-wrap\">\n\t\t\t\t\t\t\t<\/div>\n\t\t<\/div>\n\t\t\t\t\t<\/div>\n\t\t<\/section>\n\t\t\t\t<section class=\"elementor-section elementor-top-section elementor-element elementor-element-f911e2f elementor-section-boxed elementor-section-height-default elementor-section-height-default\" data-id=\"f911e2f\" data-element_type=\"section\" data-e-type=\"section\">\n\t\t\t\t\t\t<div class=\"elementor-container elementor-column-gap-default\">\n\t\t\t\t\t<div class=\"elementor-column elementor-col-100 elementor-top-column elementor-element elementor-element-9e95d71\" data-id=\"9e95d71\" data-element_type=\"column\" data-e-type=\"column\">\n\t\t\t<div class=\"elementor-widget-wrap elementor-element-populated\">\n\t\t\t\t\t\t<div class=\"elementor-element elementor-element-efb3eb4 elementor-widget-divider--view-line_text elementor-widget-divider--element-align-center elementor-widget elementor-widget-divider\" data-id=\"efb3eb4\" data-element_type=\"widget\" data-e-type=\"widget\" data-widget_type=\"divider.default\">\n\t\t\t\t\t\t\t<div class=\"elementor-divider\">\n\t\t\t<span class=\"elementor-divider-separator\">\n\t\t\t\t\t\t\t<span class=\"elementor-divider__text elementor-divider__element\">\n\t\t\t\tInformation du Mont-M\u00e9gantic et du Lac-M\u00e9gantic\t\t\t\t<\/span>\n\t\t\t\t\t\t<\/span>\n\t\t<\/div>\n\t\t\t\t\t\t<\/div>\n\t\t\t\t\t<\/div>\n\t\t<\/div>\n\t\t\t\t\t<\/div>\n\t\t<\/section>\n\t\t\t\t<section class=\"elementor-section elementor-top-section elementor-element elementor-element-08ac455 elementor-section-boxed elementor-section-height-default elementor-section-height-default\" data-id=\"08ac455\" data-element_type=\"section\" data-e-type=\"section\">\n\t\t\t\t\t\t<div class=\"elementor-container elementor-column-gap-default\">\n\t\t\t\t\t<div class=\"elementor-column elementor-col-33 elementor-top-column elementor-element elementor-element-c992f10\" data-id=\"c992f10\" data-element_type=\"column\" data-e-type=\"column\">\n\t\t\t<div class=\"elementor-widget-wrap\">\n\t\t\t\t\t\t\t<\/div>\n\t\t<\/div>\n\t\t\t\t<div class=\"elementor-column elementor-col-33 elementor-top-column elementor-element elementor-element-27d9bad\" data-id=\"27d9bad\" data-element_type=\"column\" data-e-type=\"column\">\n\t\t\t<div class=\"elementor-widget-wrap elementor-element-populated\">\n\t\t\t\t\t\t<div class=\"elementor-element elementor-element-7eff6a9 elementor-widget elementor-widget-shortcode\" data-id=\"7eff6a9\" data-element_type=\"widget\" data-e-type=\"widget\" data-widget_type=\"shortcode.default\">\n\t\t\t\t\t\t\t<div class=\"elementor-shortcode\"><div class=\"toggle-group\">\n<div class=\"toggle\"><h4>Observatoire du Mont-M\u00e9gantic et du parc national du Mont-M\u00e9gantic<\/h4><div class=\"toggle-content\">\n<p style=\"text-align: justify;\">Inaugur\u00e9 en&nbsp;1978 et situ\u00e9 \u00e0 1100&nbsp;m\u00e8tres d\u2019altitude, l\u2019Observatoire du Mont-M\u00e9gantic (OMM) abrite un t\u00e9lescope de 1,6&nbsp;m et de nombreux instruments de haut niveau.<br \/>\nL\u2019Observatoire du Mont-M\u00e9gantic, le quatri\u00e8me plus grand au pays, mais mieux \u00e9quip\u00e9 et encore \u00e9pargn\u00e9 par la pollution lumineuse, est le plus efficace au Canada.<br \/>\nAutour de lui se trouve un centre de recherche en astronomie, dans lequel participent l\u2019Universit\u00e9 de Montr\u00e9al, l\u2019Universit\u00e9 Laval et l\u2019Universit\u00e9&nbsp;McGill.<\/p>\n<p align=\"center\"><img decoding=\"async\" src=\"https:\/\/mondedesylvieetpierre.ca\/voyage\/wp-content\/uploads\/2021\/09\/Observatoire-du-Mont-Meantic-300x258-1.png\" alt=\"Observatoire-du-Mont-Meantic-300x258-1\" \/><\/p>\n<p align=\"center\"><img decoding=\"async\" src=\"https:\/\/mondedesylvieetpierre.ca\/voyage\/wp-content\/uploads\/2021\/09\/Observatoire-Mont-Megantic-296x302-1.jpg\" alt=\"Observatoire-Mont-Megantic-296x302-1\" \/><br \/>\n<span style=\"font-size: 12px;\">Observatoire du Mont-M\u00e9gantic<\/span><\/p>\n<p align=\"center\"><img decoding=\"async\" src=\"https:\/\/mondedesylvieetpierre.ca\/voyage\/wp-content\/uploads\/2023\/02\/Divider-line-black-328x22-1.png\" alt=\"Divider-line-black-328x22-1\" width=\"60%\" vspace=\"4\"><\/p>\n<p align=\"center\"><img decoding=\"async\" src=\"https:\/\/mondedesylvieetpierre.ca\/voyage\/wp-content\/uploads\/2021\/09\/logo_sepaq-300x109-1.png\" \/><\/p>\n<p style=\"text-align: justify;\"><strong>Le parc national du Mont-M\u00e9gantic<\/strong> est situ\u00e9 dans le petit village de Notre-Dame-des-Bois, dans la r\u00e9gion touristique des Cantons-de-l'Est.<br \/>\nLe parc fait partie du circuit touristique de la Route des Sommets.<br \/>\nTerritoire prot\u00e9g\u00e9 et exp\u00e9riences grandeur nature.<br \/>\nFaire l'ascension des monts Saint-Joseph ou M\u00e9gantic, d\u00e9couvrir l'<em><strong>ASTROLab<\/strong><\/em> et les observatoires astronomiques, explorer tant\u00f4t la montagne, tant\u00f4t le ciel, voil\u00e0 ce qui fait du parc national du Mont-M\u00e9gantic un lieu o\u00f9 les activit\u00e9s <em>\u00ab&nbsp;de la Terre et des \u00e9toiles&nbsp;\u00bb<\/em> se c\u00f4toient dans une parfaite harmonie.<br \/>\nEn effet, ce parc, cr\u00e9\u00e9 en&nbsp;1994, repr\u00e9sente \u00e0 la fois une destination de plein air quatre saisons de plus en plus recherch\u00e9e ainsi qu'un attrait scientifique unique au Qu\u00e9bec, au c\u0153ur de la premi\u00e8re R\u00e9serve internationale de ciel \u00e9toil\u00e9.<br \/>\n<strong>Les randonn\u00e9es p\u00e9destres :<\/strong><\/p>\n<ul>\n \t<li><p style=\"text-align: justify;\"><em><strong>Secteur de l'Observatoire<\/strong><\/em><br \/>\nLes 20&nbsp;km de sentiers p\u00e9destres vous donnent acc\u00e8s \u00e0 des points de vue exceptionnels sur les sommets du Mont-M\u00e9gantic (1110&nbsp;m) et du mont&nbsp;Saint-Joseph (1065&nbsp;m).<br \/>\nAmateur de longue randonn\u00e9e, des plates-formes de camping rustique, camps rustiques et refuges sont disponibles sur r\u00e9servation.<\/p><\/li>\n \t<li><p style=\"text-align: justify;\"><em><strong>Secteur de Franceville<\/strong><\/em><br \/>\nD\u00e9couvrez les 15&nbsp;km de sentiers du secteur Franceville dans la partie nord-ouest du parc.<br \/>\nVivez une exp\u00e9rience unique en acc\u00e9dant \u00e0 la spectaculaire cr\u00eate rocheuse de Franceville ainsi qu'\u00e0 la tr\u00e8s belle vall\u00e9e du ruisseau de la Montagne dont le parcours est sillonn\u00e9 de cascades.<\/p><\/li>\n<\/ul>\n<\/div><\/div>\n<div class=\"toggle\"><h4>Ville du Lac-M\u00e9gantic et le m\u00e9morial de la trag\u00e9die ferroviaire en 2013<\/h4><div class=\"toggle-content\">\n<p align=\"center\"><img decoding=\"async\" src=\"https:\/\/mondedesylvieetpierre.ca\/voyage\/wp-content\/uploads\/2021\/09\/Logo-Lac-Megantic-300x218-1.png\" alt=\"Logo-Lac-Megantic-300x218-1\" width=\"40%\" \/><\/p>\n<p style=\"text-align: justify;\"><strong>Lac-M\u00e9gantic<\/strong> est situ\u00e9e \u00e0 l'extr\u00e9mit\u00e9 Est de la r\u00e9gion administrative de l'Estrie, dans la MRC du Granit, \u00e0 35&nbsp;km de la fronti\u00e8re canado-am\u00e9ricaine et de l'\u00c9tat du Maine.<br \/>\nLa rivi\u00e8re&nbsp;Chaudi\u00e8re \u00e0 sa source dans le Lac-M\u00e9gantic et se jette dans le fleuve Saint-Laurent, quelque 175&nbsp;km plus au nord, pr\u00e8s de L\u00e9vis (Saint-Romuald).<br \/>\nLa <strong>ville de Lac-M\u00e9gantic<\/strong> est situ\u00e9e \u00e0 50&nbsp;km du Parc du Mont-M\u00e9gantic, o\u00f9 se situe l'observatoire astronomique le plus puissant de l'est de l'Am\u00e9rique du Nord.<br \/>\nLe c\u0153ur de la ville se reconstruit en bordure du lac et offre un panorama extraordinaire sur les montagnes environnantes.<br \/>\nLa station touristique Baie-des-Sables, le club de golf, la marina, les nombreux parcs, la piste cyclable et les \u00e9v\u00e9nements tels&nbsp;: la Travers\u00e9e internationale du lac, les Journ\u00e9es de la culture ainsi que les nombreux concerts, ne sont que quelques exemples de la diversit\u00e9 d\u2019attraits et d\u2019activit\u00e9s que vous y retrouverez.<br \/>\nEn plus de recevoir les visiteurs \u00e0 la recherche d\u2019aventure, de plein air, de nature, mais aussi de tranquillit\u00e9, Lac-M\u00e9gantic vous propose un mus\u00e9e \u00e0 ciel ouvert.<\/p>\n<p align=\"center\"><a href=\"https:\/\/mondedesylvieetpierre.ca\/voyage\/wp-content\/uploads\/2021\/09\/carte_magantic_2021-scaled.jpg\" target=\"_blank\" rel=\"noopener noreferrer\"><img decoding=\"async\" title=\"Carte dde la ville du Lac-M\u00e9gantic\" src=\"https:\/\/mondedesylvieetpierre.ca\/voyage\/wp-content\/uploads\/2021\/09\/carte_magantic_2021-scaled.jpg\" alt=\"carte_magantic_2021-scaled\" width=\"70%\" \/><\/a><br \/>\n<span style=\"font-size: 12px;\">Carte du centre-ville du Lac-M\u00e9gantic<\/span><\/p>\n<p align=\"center\"><img decoding=\"async\" src=\"https:\/\/mondedesylvieetpierre.ca\/voyage\/wp-content\/uploads\/2023\/02\/Divider-line-black-328x22-1.png\" alt=\"Divider-line-black-328x22-1\" width=\"60%\" vspace=\"4\"><\/p>\n<p align=\"center\"><img decoding=\"async\" src=\"https:\/\/mondedesylvieetpierre.ca\/voyage\/wp-content\/uploads\/2021\/09\/Lac-megantic-tragedie-monument-400x225-1.jpg\" alt=\"Lac-megantic-tragedie-monument-400x225-1\" width=\"60%\" \/><br \/>\n<span style=\"font-size: 12px;\">M\u00e9morial pour se rappeler des 47&nbsp;personnes<br \/>\nqui ont perdu la vie dans la trag\u00e9die ferroviaire<br \/>\nsurvenue 6&nbsp;juillet 2013<\/span><\/p>\n<h3 style=\"text-align: center;\">Accident ferroviaire du Lac-M\u00e9gantic<\/h3>\n<p style=\"text-align: justify;\">Le <u>6&nbsp;juillet&nbsp;2013<\/u>, un train transportant du p\u00e9trole a d\u00e9val\u00e9 la pente menant \u00e0 la petite municipalit\u00e9 de l'Estrie et a d\u00e9raill\u00e9, provoquant une explosion mortelle qui a aussi <u><strong>d\u00e9truit le centre-ville de Lac-M\u00e9gantic<\/strong><\/u>.<br \/>\nIl a fallu des jours pour sortir des d\u00e9combres les corps calcin\u00e9s des victimes, et encore plus de temps pour les identifier.<br \/>\nPlusieurs victimes ont p\u00e9ri dans un bar populaire de la municipalit\u00e9, le <em><strong>Musi-Caf\u00e9<\/strong><\/em>.<br \/>\nDe nombreux b\u00e2timents ont \u00e9t\u00e9 souffl\u00e9s par l'explosion, d'autres ont compl\u00e8tement br\u00fbl\u00e9.<br \/>\n\u00c0 certains endroits, seules les fondations des \u00e9difices \u00e9taient encore visibles.<br \/>\nQuelque 2000&nbsp;citoyens ont d\u00fb \u00eatre \u00e9vacu\u00e9s, et plusieurs se sont retrouv\u00e9s entass\u00e9s dans un centre d'h\u00e9bergement provisoire install\u00e9 dans la polyvalente de la ville.<br \/>\nDes cours d'eau des environs ont \u00e9t\u00e9 contamin\u00e9s par le d\u00e9versement de p\u00e9trole.<br \/>\nIl s'agit de l'accident ferroviaire le plus mortel de l'histoire moderne du pays.<\/p>\n<p style=\"text-align: justify;\">L'<em><strong>Espace&nbsp;M\u00e9moire<\/strong><\/em> a \u00e9t\u00e9 cr\u00e9\u00e9 sur l'ancien site du <em><strong>Musi-Caf\u00e9<\/strong><\/em>, et conceptualis\u00e9 par les architectes <em>Pierre\u00a0Thibault<\/em> et <em>J\u00e9r\u00f4me&nbsp;Lapierre<\/em>.<br \/>\nDes gradins de granit y ont \u00e9t\u00e9 construits, sur lesquels les gens pourront s'asseoir et sur lesquels seront grav\u00e9es 48&nbsp;silhouettes&nbsp;: une pour chacune des 47&nbsp;victimes, et la 48<sup>e<\/sup> pour \u00ab<em>que chacun des citoyens et des visiteurs puisse s'y retrouver<\/em>\u00bb.<br \/>\nDes \u00ab<em>roches\u00a0parlantes<\/em>\u00bb seront install\u00e9es, c'est-\u00e0-dire des roches retrouv\u00e9es sur le site d\u00e9cim\u00e9, et sur lesquelles des mots seront grav\u00e9s.<br \/>\nDepuis le 6&nbsp;juillet, l'histoire nous a appris que reconstruire nos vies, notre ville, prend du temps, a-t-elle d\u00e9clar\u00e9.<\/p>\n\n<p style=\"text-align: center; font-size: medium;\"><strong>\u00ab<em>L'Espace&nbsp;M\u00e9moire se veut un ancrage pour nos communaut\u00e9s.<\/em>\u00bb<\/strong><\/p>\n\n<p style=\"text-align: justify;\">Certains se battent depuis des ann\u00e9es pour am\u00e9liorer la s\u00e9curit\u00e9 ferroviaire et afin d'obtenir une voie de contournement, qui ferait en sorte que les trains circuleraient \u00e0 l'ext\u00e9rieur de Lac-M\u00e9gantic, sans la traverser.<br \/>\nLe gouvernement du Canada et celui du Qu\u00e9bec ont confirm\u00e9 qu'ils financeraient la voie de contournement.<br \/>\nSa mise en service - tout comme le d\u00e9mant\u00e8lement de la voie existante - est pr\u00e9vue pour&nbsp;2023.<br \/>\nLe trac\u00e9 ne fait toutefois pas l'unanimit\u00e9 chez les citoyens.<br \/>\nLe gouvernement du Qu\u00e9bec a fait savoir que le projet de construction de la voie de contournement ferroviaire de Lac-M\u00e9gantic progresse et que l'\u00e9ch\u00e9ancier de r\u00e9alisation sera respect\u00e9.<br \/>\nLes travaux doivent commencer en\u00a02021.<br \/>\nMais la Coalition des citoyens et organismes engag\u00e9s pour la s\u00e9curit\u00e9 ferroviaire estime que la s\u00e9curit\u00e9 ne peut pas attendre.<br \/>\nElle d\u00e9plore le laxisme de Transports Canada face au mauvais entretien de la voie ferr\u00e9e tout pr\u00e8s du centre-ville de Lac-M\u00e9gantic.<br \/>\nLa Coalition dit avoir mandat\u00e9 des avocats pour entreprendre des proc\u00e9dures afin de forcer Transports&nbsp;Canada \u00e0 inspecter les rails et, s'il y a lieu, \u00e0 r\u00e9parer ou remplacer d'ici la fin de l'ann\u00e9e&nbsp;2020 tous les rails, travers, ballasts et ponceaux jug\u00e9s non s\u00e9curitaires \u00e0 Lac-M\u00e9gantic et dans la r\u00e9gion.<\/p>\n<\/div><\/div>\n<\/div><\/div>\n\t\t\t\t\t\t<\/div>\n\t\t\t\t\t<\/div>\n\t\t<\/div>\n\t\t\t\t<div class=\"elementor-column elementor-col-33 elementor-top-column elementor-element elementor-element-9962fba\" data-id=\"9962fba\" data-element_type=\"column\" data-e-type=\"column\">\n\t\t\t<div class=\"elementor-widget-wrap\">\n\t\t\t\t\t\t\t<\/div>\n\t\t<\/div>\n\t\t\t\t\t<\/div>\n\t\t<\/section>\n\t\t\t\t<section class=\"elementor-section elementor-top-section elementor-element elementor-element-21a6d13 elementor-section-boxed elementor-section-height-default elementor-section-height-default\" data-id=\"21a6d13\" data-element_type=\"section\" data-e-type=\"section\">\n\t\t\t\t\t\t<div class=\"elementor-container elementor-column-gap-default\">\n\t\t\t\t\t<div class=\"elementor-column elementor-col-100 elementor-top-column elementor-element elementor-element-7f5fa01\" data-id=\"7f5fa01\" data-element_type=\"column\" data-e-type=\"column\">\n\t\t\t<div class=\"elementor-widget-wrap elementor-element-populated\">\n\t\t\t\t\t\t<div class=\"elementor-element elementor-element-fb899c1 elementor-widget-divider--view-line_text elementor-widget-divider--element-align-center elementor-widget elementor-widget-divider\" data-id=\"fb899c1\" data-element_type=\"widget\" data-e-type=\"widget\" data-widget_type=\"divider.default\">\n\t\t\t\t\t\t\t<div class=\"elementor-divider\">\n\t\t\t<span class=\"elementor-divider-separator\">\n\t\t\t\t\t\t\t<span class=\"elementor-divider__text elementor-divider__element\">\n\t\t\t\tGoogle Map du Lac-M\u00e9gantic et sa r\u00e9gion\t\t\t\t<\/span>\n\t\t\t\t\t\t<\/span>\n\t\t<\/div>\n\t\t\t\t\t\t<\/div>\n\t\t\t\t\t<\/div>\n\t\t<\/div>\n\t\t\t\t\t<\/div>\n\t\t<\/section>\n\t\t\t\t<section class=\"elementor-section elementor-top-section elementor-element elementor-element-2a331ea elementor-section-boxed elementor-section-height-default elementor-section-height-default\" data-id=\"2a331ea\" data-element_type=\"section\" data-e-type=\"section\">\n\t\t\t\t\t\t<div class=\"elementor-container elementor-column-gap-default\">\n\t\t\t\t\t<div class=\"elementor-column elementor-col-100 elementor-top-column elementor-element elementor-element-39211ef\" data-id=\"39211ef\" data-element_type=\"column\" data-e-type=\"column\">\n\t\t\t<div class=\"elementor-widget-wrap elementor-element-populated\">\n\t\t\t\t\t\t<div class=\"elementor-element elementor-element-341ef03 elementor-widget elementor-widget-google_maps\" data-id=\"341ef03\" data-element_type=\"widget\" data-e-type=\"widget\" data-widget_type=\"google_maps.default\">\n\t\t\t\t\t\t\t<div class=\"elementor-custom-embed\">\n\t\t\t<iframe loading=\"lazy\"\n\t\t\t\t\tsrc=\"https:\/\/maps.google.com\/maps?q=Lac%20M%C3%A9gantic%2C%20Le%20Granit%2C%20Qu%C3%A9bec&#038;t=m&#038;z=13&#038;output=embed&#038;iwloc=near\"\n\t\t\t\t\ttitle=\"Lac M\u00e9gantic, Le Granit, Qu\u00e9bec\"\n\t\t\t\t\taria-label=\"Lac M\u00e9gantic, Le Granit, Qu\u00e9bec\"\n\t\t\t><\/iframe>\n\t\t<\/div>\n\t\t\t\t\t\t<\/div>\n\t\t\t\t\t<\/div>\n\t\t<\/div>\n\t\t\t\t\t<\/div>\n\t\t<\/section>\n\t\t\t\t<section class=\"elementor-section elementor-top-section elementor-element elementor-element-beedd2d elementor-section-boxed elementor-section-height-default elementor-section-height-default\" data-id=\"beedd2d\" data-element_type=\"section\" data-e-type=\"section\">\n\t\t\t\t\t\t<div class=\"elementor-container elementor-column-gap-default\">\n\t\t\t\t\t<div class=\"elementor-column elementor-col-100 elementor-top-column elementor-element elementor-element-4500f7e\" data-id=\"4500f7e\" data-element_type=\"column\" data-e-type=\"column\">\n\t\t\t<div class=\"elementor-widget-wrap elementor-element-populated\">\n\t\t\t\t\t\t<div class=\"elementor-element elementor-element-5173108 elementor-widget-divider--view-line_text elementor-widget-divider--element-align-center elementor-widget elementor-widget-divider\" data-id=\"5173108\" data-element_type=\"widget\" data-e-type=\"widget\" data-widget_type=\"divider.default\">\n\t\t\t\t\t\t\t<div class=\"elementor-divider\">\n\t\t\t<span class=\"elementor-divider-separator\">\n\t\t\t\t\t\t\t<span class=\"elementor-divider__text elementor-divider__element\">\n\t\t\t\tLecteur audio\t\t\t\t<\/span>\n\t\t\t\t\t\t<\/span>\n\t\t<\/div>\n\t\t\t\t\t\t<\/div>\n\t\t\t\t\t<\/div>\n\t\t<\/div>\n\t\t\t\t\t<\/div>\n\t\t<\/section>\n\t\t\t\t<section class=\"elementor-section elementor-top-section elementor-element elementor-element-1a2ea8d elementor-section-boxed elementor-section-height-default elementor-section-height-default\" data-id=\"1a2ea8d\" data-element_type=\"section\" data-e-type=\"section\">\n\t\t\t\t\t\t<div class=\"elementor-container elementor-column-gap-default\">\n\t\t\t\t\t<div class=\"elementor-column elementor-col-100 elementor-top-column elementor-element elementor-element-2c980c6\" data-id=\"2c980c6\" data-element_type=\"column\" data-e-type=\"column\">\n\t\t\t<div class=\"elementor-widget-wrap elementor-element-populated\">\n\t\t\t\t\t\t<div class=\"elementor-element elementor-element-9f78c17 elementor-widget elementor-widget-shortcode\" data-id=\"9f78c17\" data-element_type=\"widget\" data-e-type=\"widget\" data-widget_type=\"shortcode.default\">\n\t\t\t\t\t\t\t<div class=\"elementor-shortcode\"><div style=\"text-align: center;\"><div id=\"mp3jWrap_0\" class=\"mjp-s-wrapper s-graphic unsel-mjp outline verdana-mjp\" style=\"font-size:14px;\"><span id=\"playpause_wrap_mp3j_0\" class=\"wrap_inline_mp3j\" style=\"font-weight:700;\"><span class=\"gfxbutton_mp3j play-mjp\" id=\"playpause_mp3j_0\" style=\"font-size:14px;\">&nbsp;&nbsp;&nbsp;&nbsp;&nbsp;<\/span>&nbsp;<span class=\"group_wrap\"><span class=\"bars_mp3j\"><span class=\"loadB_mp3j\" id=\"load_mp3j_0\"><\/span><span class=\"posbarB_mp3j\" id=\"posbar_mp3j_0\"><\/span><\/span><span class=\"T_mp3j\" id=\"T_mp3j_0\" style=\"font-size:14px;\">Il faut s'unir - Pour le lac-Megantic<\/span><span class=\"indi_mp3j\" style=\"font-size:9.8px;\" id=\"statusMI_0\"><\/span><\/span><span class=\"vol_mp3j flipped\" id=\"vol_mp3j_0\"><\/span><\/span><\/div><span class=\"s-nosolution\" id=\"mp3j_nosolution_0\" style=\"display:none;\"><\/span><script>\nMP3jPLAYLISTS.inline_0 = [\n\t{ name: \"Il faut s'unir - Pour le lac-Megantic.mp3\", formats: [\"mp3\"], mp3: \"aHR0cHM6Ly9tb25kZWRlc3lsdmllZXRwaWVycmUuY2Evdm95YWdlL2F1ZGlvL0lsIGZhdXQgcyd1bmlyIC0gUG91ciBsZSBsYWMtTWVnYW50aWMubXAz\", counterpart:\"\", artist: \"\", image: \"\", imgurl: \"\" }\n];\n<\/script>\n\n<script>MP3jPLAYERS[0] = { list: MP3jPLAYLISTS.inline_0, tr:0, type:'single', lstate:'', loop:false, play_txt:'&nbsp;&nbsp;&nbsp;&nbsp;&nbsp;', pause_txt:'&nbsp;&nbsp;&nbsp;&nbsp;&nbsp;', pp_title:'', autoplay:true, download:false, vol:100, height:'' };<\/script><\/div><\/div>\n\t\t\t\t\t\t<\/div>\n\t\t\t\t\t<\/div>\n\t\t<\/div>\n\t\t\t\t\t<\/div>\n\t\t<\/section>\n\t\t\t\t<section class=\"elementor-section elementor-top-section elementor-element elementor-element-584497b elementor-section-boxed elementor-section-height-default elementor-section-height-default\" data-id=\"584497b\" data-element_type=\"section\" data-e-type=\"section\">\n\t\t\t\t\t\t<div class=\"elementor-container elementor-column-gap-default\">\n\t\t\t\t\t<div class=\"elementor-column elementor-col-100 elementor-top-column elementor-element elementor-element-5380ef3\" data-id=\"5380ef3\" data-element_type=\"column\" data-e-type=\"column\">\n\t\t\t<div class=\"elementor-widget-wrap elementor-element-populated\">\n\t\t\t\t\t\t<div class=\"elementor-element elementor-element-0bcbbc8 elementor-widget elementor-widget-image\" data-id=\"0bcbbc8\" data-element_type=\"widget\" data-e-type=\"widget\" data-widget_type=\"image.default\">\n\t\t\t\t\t\t\t\t\t\t\t\t\t\t\t<img decoding=\"async\" width=\"350\" height=\"68\" src=\"https:\/\/mondedesylvieetpierre.ca\/voyage\/wp-content\/uploads\/2021\/07\/Divider_note_350x68.png\" class=\"attachment-pixelwars_theme_image_size_nullx500 size-pixelwars_theme_image_size_nullx500 wp-image-17963\" alt=\"\" srcset=\"https:\/\/mondedesylvieetpierre.ca\/voyage\/wp-content\/uploads\/2021\/07\/Divider_note_350x68.png 350w, https:\/\/mondedesylvieetpierre.ca\/voyage\/wp-content\/uploads\/2021\/07\/Divider_note_350x68-300x58.png 300w\" sizes=\"(max-width: 350px) 100vw, 350px\" \/>\t\t\t\t\t\t\t\t\t\t\t\t\t\t\t<\/div>\n\t\t\t\t\t<\/div>\n\t\t<\/div>\n\t\t\t\t\t<\/div>\n\t\t<\/section>\n\t\t\t\t<section class=\"elementor-section elementor-top-section elementor-element elementor-element-8afff4b elementor-section-boxed elementor-section-height-default elementor-section-height-default\" data-id=\"8afff4b\" data-element_type=\"section\" data-e-type=\"section\">\n\t\t\t\t\t\t<div class=\"elementor-container elementor-column-gap-default\">\n\t\t\t\t\t<div class=\"elementor-column elementor-col-100 elementor-top-column elementor-element elementor-element-743b80f\" data-id=\"743b80f\" data-element_type=\"column\" data-e-type=\"column\">\n\t\t\t<div class=\"elementor-widget-wrap elementor-element-populated\">\n\t\t\t\t\t\t<div class=\"elementor-element elementor-element-fc89723 elementor-widget-divider--view-line_text elementor-widget-divider--element-align-center elementor-widget elementor-widget-divider\" data-id=\"fc89723\" data-element_type=\"widget\" data-e-type=\"widget\" data-widget_type=\"divider.default\">\n\t\t\t\t\t\t\t<div class=\"elementor-divider\">\n\t\t\t<span class=\"elementor-divider-separator\">\n\t\t\t\t\t\t\t<span class=\"elementor-divider__text elementor-divider__element\">\n\t\t\t\tPartager ce voyage\t\t\t\t<\/span>\n\t\t\t\t\t\t<\/span>\n\t\t<\/div>\n\t\t\t\t\t\t<\/div>\n\t\t\t\t\t<\/div>\n\t\t<\/div>\n\t\t\t\t\t<\/div>\n\t\t<\/section>\n\t\t\t\t<section class=\"elementor-section elementor-top-section elementor-element elementor-element-33441b6 elementor-section-boxed elementor-section-height-default elementor-section-height-default\" data-id=\"33441b6\" data-element_type=\"section\" data-e-type=\"section\">\n\t\t\t\t\t\t<div class=\"elementor-container elementor-column-gap-default\">\n\t\t\t\t\t<div class=\"elementor-column elementor-col-100 elementor-top-column elementor-element elementor-element-8ef0880\" data-id=\"8ef0880\" data-element_type=\"column\" data-e-type=\"column\">\n\t\t\t<div class=\"elementor-widget-wrap elementor-element-populated\">\n\t\t\t\t\t\t<div class=\"elementor-element elementor-element-65f04bd elementor-widget elementor-widget-shortcode\" data-id=\"65f04bd\" data-element_type=\"widget\" data-e-type=\"widget\" data-widget_type=\"shortcode.default\">\n\t\t\t\t\t\t\t<div class=\"elementor-shortcode\"><div class=\"share-links\">\n\t<h3><span style=\"color: #999999;\">Partager ce voyage&nbsp;:<\/span> Notre visite au Mont-M\u00e9gantic et Lac-M\u00e9gantic en 2021<\/h3>\t\n\t<div class=\"share-links-wrap\">\n\t\t<a rel=\"nofollow\" target=\"_blank\" href=\"mailto:?subject=Je voulais que vous voyez ce voyage&amp;body=Consultez ce voyage : Notre visite au Mont-M\u00e9gantic et Lac-M\u00e9gantic accompagn\u00e9 de Daniel et Sylvie en 2021 - https:\/\/mondedesylvieetpierre.ca\/voyage\/?p=18145\" title=\"Envoyez ce voyage \u00e0 un ami\"><i class=\"pw-icon-mail\"><\/i><\/a>\t\t\n\t\t<a rel=\"nofollow\" target=\"_blank\" href=\"https:\/\/plus.google.com\/share?url=https:\/\/mondedesylvieetpierre.ca\/voyage\/?p=18145\" title=\"Partager sur Google+\"><i class=\"pw-icon-gplus\"><\/i><\/a>\t\t\n\t\t<a rel=\"nofollow\" target=\"_blank\" href=\"http:\/\/twitter.com\/home?status=En train de lire: 'Notre visite au Mont-M\u00e9gantic et Lac-M\u00e9gantic accompagn\u00e9 de Daniel et Sylvie en 2021' https:\/\/mondedesylvieetpierre.ca\/voyage\/?p=18145\" title=\"\ufeffPartager ce voyage avec vos amis !\"><i class=\"pw-icon-twitter\"><\/i><\/a>\t\t\n\t\t<a rel=\"nofollow\" target=\"_blank\" href=\"http:\/\/www.facebook.com\/sharer.php?u=https:\/\/mondedesylvieetpierre.ca\/voyage\/?p=18145&amp;t=Notre visite au Mont-M\u00e9gantic et Lac-M\u00e9gantic accompagn\u00e9 de Daniel et Sylvie en 2021\" title=\"Partager ce voyage sur Facebook\"><i class=\"pw-icon-facebook\"><\/i><\/a>\n\t<\/div>\n<\/div><\/div>\n\t\t\t\t\t\t<\/div>\n\t\t\t\t\t<\/div>\n\t\t<\/div>\n\t\t\t\t\t<\/div>\n\t\t<\/section>\n\t\t\t\t<section class=\"elementor-section elementor-top-section elementor-element elementor-element-30a390a elementor-section-boxed elementor-section-height-default elementor-section-height-default\" data-id=\"30a390a\" data-element_type=\"section\" data-e-type=\"section\">\n\t\t\t\t\t\t<div class=\"elementor-container elementor-column-gap-default\">\n\t\t\t\t\t<div class=\"elementor-column elementor-col-100 elementor-top-column elementor-element elementor-element-e69bd44\" data-id=\"e69bd44\" data-element_type=\"column\" data-e-type=\"column\">\n\t\t\t<div class=\"elementor-widget-wrap elementor-element-populated\">\n\t\t\t\t\t\t<div class=\"elementor-element elementor-element-451be33 elementor-widget-divider--view-line_text elementor-widget-divider--element-align-center elementor-widget elementor-widget-divider\" data-id=\"451be33\" data-element_type=\"widget\" data-e-type=\"widget\" data-widget_type=\"divider.default\">\n\t\t\t\t\t\t\t<div class=\"elementor-divider\">\n\t\t\t<span class=\"elementor-divider-separator\">\n\t\t\t\t\t\t\t<span class=\"elementor-divider__text elementor-divider__element\">\n\t\t\t\tVoir d'autres voyages\t\t\t\t<\/span>\n\t\t\t\t\t\t<\/span>\n\t\t<\/div>\n\t\t\t\t\t\t<\/div>\n\t\t\t\t\t<\/div>\n\t\t<\/div>\n\t\t\t\t\t<\/div>\n\t\t<\/section>\n\t\t\t\t<section class=\"elementor-section elementor-top-section elementor-element elementor-element-325f636 elementor-section-boxed elementor-section-height-default elementor-section-height-default\" data-id=\"325f636\" data-element_type=\"section\" data-e-type=\"section\">\n\t\t\t\t\t\t<div class=\"elementor-container elementor-column-gap-default\">\n\t\t\t\t\t<div class=\"elementor-column elementor-col-25 elementor-top-column elementor-element elementor-element-fdeecc9\" data-id=\"fdeecc9\" data-element_type=\"column\" data-e-type=\"column\">\n\t\t\t<div class=\"elementor-widget-wrap elementor-element-populated\">\n\t\t\t\t\t\t<div class=\"elementor-element elementor-element-7b1897c elementor-view-default elementor-widget elementor-widget-icon\" data-id=\"7b1897c\" data-element_type=\"widget\" data-e-type=\"widget\" data-widget_type=\"icon.default\">\n\t\t\t\t\t\t\t<div class=\"elementor-icon-wrapper\">\n\t\t\t<a class=\"elementor-icon\" href=\"https:\/\/mondedesylvieetpierre.ca\/voyage\/?p=18466\">\n\t\t\t<svg aria-hidden=\"true\" class=\"e-font-icon-svg e-far-caret-square-left\" viewBox=\"0 0 448 512\" xmlns=\"http:\/\/www.w3.org\/2000\/svg\"><path d=\"M272 157.1v197.8c0 10.7-13 16.1-20.5 8.5l-98.3-98.9c-4.7-4.7-4.7-12.2 0-16.9l98.3-98.9c7.5-7.7 20.5-2.3 20.5 8.4zM448 80v352c0 26.5-21.5 48-48 48H48c-26.5 0-48-21.5-48-48V80c0-26.5 21.5-48 48-48h352c26.5 0 48 21.5 48 48zm-48 346V86c0-3.3-2.7-6-6-6H54c-3.3 0-6 2.7-6 6v340c0 3.3 2.7 6 6 6h340c3.3 0 6-2.7 6-6z\"><\/path><\/svg>\t\t\t<\/a>\n\t\t<\/div>\n\t\t\t\t\t\t<\/div>\n\t\t\t\t\t<\/div>\n\t\t<\/div>\n\t\t\t\t<div class=\"elementor-column elementor-col-25 elementor-top-column elementor-element elementor-element-2409810\" data-id=\"2409810\" data-element_type=\"column\" data-e-type=\"column\">\n\t\t\t<div class=\"elementor-widget-wrap elementor-element-populated\">\n\t\t\t\t\t\t<div class=\"elementor-element elementor-element-cf8b136 elementor-widget elementor-widget-heading\" data-id=\"cf8b136\" data-element_type=\"widget\" data-e-type=\"widget\" data-widget_type=\"heading.default\">\n\t\t\t\t\t<h2 class=\"elementor-heading-title elementor-size-medium\">Notre s\u00e9jour \u00e0 Magog en 2021<\/h2>\t\t\t\t<\/div>\n\t\t\t\t\t<\/div>\n\t\t<\/div>\n\t\t\t\t<div class=\"elementor-column elementor-col-25 elementor-top-column elementor-element elementor-element-3fa29ce\" data-id=\"3fa29ce\" data-element_type=\"column\" data-e-type=\"column\">\n\t\t\t<div class=\"elementor-widget-wrap elementor-element-populated\">\n\t\t\t\t\t\t<div class=\"elementor-element elementor-element-36ba53a elementor-widget elementor-widget-heading\" data-id=\"36ba53a\" data-element_type=\"widget\" data-e-type=\"widget\" data-widget_type=\"heading.default\">\n\t\t\t\t\t<h2 class=\"elementor-heading-title elementor-size-medium\">Notre s\u00e9jour \u00e0 Qu\u00e9bec en 2021<\/h2>\t\t\t\t<\/div>\n\t\t\t\t\t<\/div>\n\t\t<\/div>\n\t\t\t\t<div class=\"elementor-column elementor-col-25 elementor-top-column elementor-element elementor-element-4b61009\" data-id=\"4b61009\" data-element_type=\"column\" data-e-type=\"column\">\n\t\t\t<div class=\"elementor-widget-wrap elementor-element-populated\">\n\t\t\t\t\t\t<div class=\"elementor-element elementor-element-ce10129 elementor-view-default elementor-widget elementor-widget-icon\" data-id=\"ce10129\" data-element_type=\"widget\" data-e-type=\"widget\" data-widget_type=\"icon.default\">\n\t\t\t\t\t\t\t<div class=\"elementor-icon-wrapper\">\n\t\t\t<a class=\"elementor-icon\" href=\"https:\/\/mondedesylvieetpierre.ca\/voyage\/?p=18041\">\n\t\t\t<svg aria-hidden=\"true\" class=\"e-font-icon-svg e-far-caret-square-right\" viewBox=\"0 0 448 512\" xmlns=\"http:\/\/www.w3.org\/2000\/svg\"><path d=\"M176 354.9V157.1c0-10.7 13-16.1 20.5-8.5l98.3 98.9c4.7 4.7 4.7 12.2 0 16.9l-98.3 98.9c-7.5 7.7-20.5 2.3-20.5-8.4zM448 80v352c0 26.5-21.5 48-48 48H48c-26.5 0-48-21.5-48-48V80c0-26.5 21.5-48 48-48h352c26.5 0 48 21.5 48 48zm-48 346V86c0-3.3-2.7-6-6-6H54c-3.3 0-6 2.7-6 6v340c0 3.3 2.7 6 6 6h340c3.3 0 6-2.7 6-6z\"><\/path><\/svg>\t\t\t<\/a>\n\t\t<\/div>\n\t\t\t\t\t\t<\/div>\n\t\t\t\t\t<\/div>\n\t\t<\/div>\n\t\t\t\t\t<\/div>\n\t\t<\/section>\n\t\t\t\t<\/div>\n\t\t","protected":false},"excerpt":{"rendered":"<p>Notre s\u00e9jour au Mont-M\u00e9gantic et au Lac-M\u00e9gantic accompagn\u00e9 de nos amis Daniel et Sylvie en 2021.<\/p>\n","protected":false},"author":1,"featured_media":0,"comment_status":"closed","ping_status":"closed","sticky":false,"template":"elementor_header_footer","format":"standard","meta":{"footnotes":""},"categories":[195],"tags":[],"class_list":["post-18145","post","type-post","status-publish","format-standard","hentry","category-sejour-mont-megantic-2021"],"_links":{"self":[{"href":"https:\/\/mondedesylvieetpierre.ca\/voyage\/index.php?rest_route=\/wp\/v2\/posts\/18145","targetHints":{"allow":["GET"]}}],"collection":[{"href":"https:\/\/mondedesylvieetpierre.ca\/voyage\/index.php?rest_route=\/wp\/v2\/posts"}],"about":[{"href":"https:\/\/mondedesylvieetpierre.ca\/voyage\/index.php?rest_route=\/wp\/v2\/types\/post"}],"author":[{"embeddable":true,"href":"https:\/\/mondedesylvieetpierre.ca\/voyage\/index.php?rest_route=\/wp\/v2\/users\/1"}],"replies":[{"embeddable":true,"href":"https:\/\/mondedesylvieetpierre.ca\/voyage\/index.php?rest_route=%2Fwp%2Fv2%2Fcomments&post=18145"}],"version-history":[{"count":0,"href":"https:\/\/mondedesylvieetpierre.ca\/voyage\/index.php?rest_route=\/wp\/v2\/posts\/18145\/revisions"}],"wp:attachment":[{"href":"https:\/\/mondedesylvieetpierre.ca\/voyage\/index.php?rest_route=%2Fwp%2Fv2%2Fmedia&parent=18145"}],"wp:term":[{"taxonomy":"category","embeddable":true,"href":"https:\/\/mondedesylvieetpierre.ca\/voyage\/index.php?rest_route=%2Fwp%2Fv2%2Fcategories&post=18145"},{"taxonomy":"post_tag","embeddable":true,"href":"https:\/\/mondedesylvieetpierre.ca\/voyage\/index.php?rest_route=%2Fwp%2Fv2%2Ftags&post=18145"}],"curies":[{"name":"wp","href":"https:\/\/api.w.org\/{rel}","templated":true}]}}