{"id":41236,"date":"2023-11-09T13:18:00","date_gmt":"2023-11-09T18:18:00","guid":{"rendered":"https:\/\/mondedesylvieetpierre.ca\/voyage\/?p=41236"},"modified":"2025-03-26T17:32:27","modified_gmt":"2025-03-26T22:32:27","slug":"sejour-en-afrique-du-sud-en-2023","status":"publish","type":"post","link":"https:\/\/mondedesylvieetpierre.ca\/voyage\/?p=41236","title":{"rendered":"S\u00e9jour en Afrique du Sud en 2023"},"content":{"rendered":"\t\t<div data-elementor-type=\"wp-post\" data-elementor-id=\"41236\" class=\"elementor elementor-41236\" data-elementor-post-type=\"post\">\n\t\t\t\t\t\t<section class=\"elementor-section elementor-top-section elementor-element elementor-element-76a2d5d1 elementor-section-boxed elementor-section-height-default elementor-section-height-default\" data-id=\"76a2d5d1\" data-element_type=\"section\" data-e-type=\"section\">\n\t\t\t\t\t\t<div class=\"elementor-container elementor-column-gap-default\">\n\t\t\t\t\t<div class=\"elementor-column elementor-col-100 elementor-top-column elementor-element elementor-element-5b74ae32\" data-id=\"5b74ae32\" data-element_type=\"column\" data-e-type=\"column\">\n\t\t\t<div class=\"elementor-widget-wrap elementor-element-populated\">\n\t\t\t\t\t\t<div class=\"elementor-element elementor-element-2fdb419f elementor-widget elementor-widget-heading\" data-id=\"2fdb419f\" data-element_type=\"widget\" data-e-type=\"widget\" data-widget_type=\"heading.default\">\n\t\t\t\t\t<h2 class=\"elementor-heading-title elementor-size-large\">S\u00e9jour<br \/>\nAfrique du Sud<br \/>\net Royaume d\u2019Eswatini<br \/>\nen 2023<\/h2>\t\t\t\t<\/div>\n\t\t\t\t\t<\/div>\n\t\t<\/div>\n\t\t\t\t\t<\/div>\n\t\t<\/section>\n\t\t<div class=\"elementor-element elementor-element-254f06a e-flex e-con-boxed e-con e-parent\" data-id=\"254f06a\" data-element_type=\"container\" data-e-type=\"container\">\n\t\t\t\t\t<div class=\"e-con-inner\">\n\t\t\t\t<div class=\"elementor-element elementor-element-07253bb elementor-widget elementor-widget-image\" data-id=\"07253bb\" data-element_type=\"widget\" data-e-type=\"widget\" data-widget_type=\"image.default\">\n\t\t\t\t\t\t\t\t\t\t\t\t\t\t\t<img decoding=\"async\" width=\"400\" height=\"65\" src=\"https:\/\/mondedesylvieetpierre.ca\/voyage\/wp-content\/uploads\/2023\/11\/Logo-south-Africa-400x65-1.png\" class=\"attachment-pixelwars_theme_image_size_nullx500 size-pixelwars_theme_image_size_nullx500 wp-image-41351\" alt=\"\" srcset=\"https:\/\/mondedesylvieetpierre.ca\/voyage\/wp-content\/uploads\/2023\/11\/Logo-south-Africa-400x65-1.png 400w, https:\/\/mondedesylvieetpierre.ca\/voyage\/wp-content\/uploads\/2023\/11\/Logo-south-Africa-400x65-1-300x49.png 300w\" sizes=\"(max-width: 400px) 100vw, 400px\" \/>\t\t\t\t\t\t\t\t\t\t\t\t\t\t\t<\/div>\n\t\t\t\t\t<\/div>\n\t\t\t\t<\/div>\n\t\t\t\t<section class=\"elementor-section elementor-top-section elementor-element elementor-element-220108f5 elementor-section-boxed elementor-section-height-default elementor-section-height-default\" data-id=\"220108f5\" data-element_type=\"section\" data-e-type=\"section\">\n\t\t\t\t\t\t<div class=\"elementor-container elementor-column-gap-default\">\n\t\t\t\t\t<div class=\"elementor-column elementor-col-100 elementor-top-column elementor-element elementor-element-cec830e\" data-id=\"cec830e\" data-element_type=\"column\" data-e-type=\"column\">\n\t\t\t<div class=\"elementor-widget-wrap elementor-element-populated\">\n\t\t\t\t\t\t<div class=\"elementor-element elementor-element-68e4be30 elementor-widget elementor-widget-image\" data-id=\"68e4be30\" data-element_type=\"widget\" data-e-type=\"widget\" data-widget_type=\"image.default\">\n\t\t\t\t\t\t\t\t\t\t\t\t\t\t\t<img fetchpriority=\"high\" decoding=\"async\" width=\"1200\" height=\"290\" src=\"https:\/\/mondedesylvieetpierre.ca\/voyage\/wp-content\/uploads\/2023\/11\/Ligne-animaux-afrique-1200x290-1.png\" class=\"attachment-pixelwars_theme_image_size_nullx500 size-pixelwars_theme_image_size_nullx500 wp-image-41347\" alt=\"\" srcset=\"https:\/\/mondedesylvieetpierre.ca\/voyage\/wp-content\/uploads\/2023\/11\/Ligne-animaux-afrique-1200x290-1.png 1200w, https:\/\/mondedesylvieetpierre.ca\/voyage\/wp-content\/uploads\/2023\/11\/Ligne-animaux-afrique-1200x290-1-300x73.png 300w, https:\/\/mondedesylvieetpierre.ca\/voyage\/wp-content\/uploads\/2023\/11\/Ligne-animaux-afrique-1200x290-1-1024x247.png 1024w, https:\/\/mondedesylvieetpierre.ca\/voyage\/wp-content\/uploads\/2023\/11\/Ligne-animaux-afrique-1200x290-1-768x186.png 768w\" sizes=\"(max-width: 1200px) 100vw, 1200px\" \/>\t\t\t\t\t\t\t\t\t\t\t\t\t\t\t<\/div>\n\t\t\t\t\t<\/div>\n\t\t<\/div>\n\t\t\t\t\t<\/div>\n\t\t<\/section>\n\t\t<div class=\"elementor-element elementor-element-2cd3f89 e-flex e-con-boxed e-con e-parent\" data-id=\"2cd3f89\" data-element_type=\"container\" data-e-type=\"container\">\n\t\t\t\t\t<div class=\"e-con-inner\">\n\t\t\t\t<div class=\"elementor-element elementor-element-a060114 elementor-widget elementor-widget-text-editor\" data-id=\"a060114\" data-element_type=\"widget\" data-e-type=\"widget\" data-widget_type=\"text-editor.default\">\n\t\t\t\t\t\t\t\t\t<table border=\"0\" width=\"100%\" cellspacing=\"10\" align=\"center\">\n<tbody>\n<tr>\n<th class=\"menugroslettre\" colspan=\"2\" scope=\"col\" width=\"90%\">MENU DU S\u00c9JOUR EN AFRIQUE&nbsp;DU&nbsp;SUD ET ROYAUME D&rsquo;ESWATINI<\/th>\n<\/tr>\n<tr>\n<th width=\"90%\" colspan=\"2\" align=\"center\"><span style=\"text-transform: none;\"><strong>\u00c0&nbsp;SAVOIR&nbsp;:<\/strong> le premier, le deuxi\u00e8me et le quinzi\u00e8me jour n&rsquo;ont&nbsp;pas de page,<br \/>\ncar nous \u00e9tions dans les a\u00e9roports et dans les avions.<\/span><\/th>\n<\/tr>\n<\/tbody>\n<\/table>\t\t\t\t\t\t\t\t<\/div>\n\t\t\t\t\t<\/div>\n\t\t\t\t<\/div>\n\t\t<div class=\"elementor-element elementor-element-7059091 e-flex e-con-boxed e-con e-parent\" data-id=\"7059091\" data-element_type=\"container\" data-e-type=\"container\">\n\t\t\t\t\t<div class=\"e-con-inner\">\n\t\t<div class=\"elementor-element elementor-element-ef67ff8 e-con-full e-flex e-con e-child\" data-id=\"ef67ff8\" data-element_type=\"container\" data-e-type=\"container\">\n\t\t\t\t<\/div>\n\t\t<div class=\"elementor-element elementor-element-e20f098 e-con-full e-flex e-con e-child\" data-id=\"e20f098\" data-element_type=\"container\" data-e-type=\"container\">\n\t\t\t\t<div class=\"elementor-element elementor-element-63edfd8 elementor-widget elementor-widget-text-editor\" data-id=\"63edfd8\" data-element_type=\"widget\" data-e-type=\"widget\" data-widget_type=\"text-editor.default\">\n\t\t\t\t\t\t\t\t\t<ol>\n \t<li>Premier&nbsp;jour &#8212; 18&nbsp;octobre<\/li>\n \t<li>Deuxi\u00e8me&nbsp;jour &#8212; 19&nbsp;octobre<\/li>\n    <li><a href=\"https:\/\/mondedesylvieetpierre.ca\/voyage\/?page_id=41599\">Troisi\u00e8me&nbsp;jour &#8212; 20&nbsp;octobre<\/a><\/li>\n    <li><a href=\"https:\/\/mondedesylvieetpierre.ca\/voyage\/?page_id=41601\">Quatri\u00e8me&nbsp;jour &#8212; 21&nbsp;octobre<\/a><\/li>\n    <li><a href=\"https:\/\/mondedesylvieetpierre.ca\/voyage\/?page_id=41603\">Cinqui\u00e8me&nbsp;jour &#8212; 22&nbsp;octobre<\/a><\/li>\n    <li><a href=\"https:\/\/mondedesylvieetpierre.ca\/voyage\/?page_id=41606\">Sixi\u00e8me&nbsp;jour &#8212; 23&nbsp;octobre<\/a><\/li>\n    <li><a href=\"https:\/\/mondedesylvieetpierre.ca\/voyage\/?page_id=41608\">Septi\u00e8me&nbsp;jour &#8212; 24&nbsp;octobre<\/a><\/li>\n    <li><a href=\"https:\/\/mondedesylvieetpierre.ca\/voyage\/?page_id=41610\">Huiti\u00e8me&nbsp;jour &#8212; 25&nbsp;octobre<\/a><\/li>\n<\/ol>\t\t\t\t\t\t\t\t<\/div>\n\t\t\t\t<\/div>\n\t\t<div class=\"elementor-element elementor-element-c708443 e-con-full e-flex e-con e-child\" data-id=\"c708443\" data-element_type=\"container\" data-e-type=\"container\">\n\t\t\t\t<div class=\"elementor-element elementor-element-d242743 elementor-widget elementor-widget-text-editor\" data-id=\"d242743\" data-element_type=\"widget\" data-e-type=\"widget\" data-widget_type=\"text-editor.default\">\n\t\t\t\t\t\t\t\t\t<ol start=\"9\">\n \t<li><a href=\"https:\/\/mondedesylvieetpierre.ca\/voyage\/?page_id=41612\">Neuvi\u00e8me&nbsp;jour &#8212; 26&nbsp;octobre<\/a><\/li>\n \t<li><a href=\"https:\/\/mondedesylvieetpierre.ca\/voyage\/?page_id=41614\">Dixi\u00e8me&nbsp;jour &#8212; 27&nbsp;octobre<\/a><\/li>\n    <li><a href=\"https:\/\/mondedesylvieetpierre.ca\/voyage\/?page_id=41616\">Onzi\u00e8me&nbsp;jour &#8212; 28&nbsp;octobre<\/a><\/li>\n    <li><a href=\"https:\/\/mondedesylvieetpierre.ca\/voyage\/?page_id=41618\">Douzi\u00e8me&nbsp;jour &#8212; 29&nbsp;octobre<\/a><\/li>\n    <li><a href=\"https:\/\/mondedesylvieetpierre.ca\/voyage\/?page_id=41620\">Treizi\u00e8me&nbsp;jour &#8212; 30&nbsp;octobre<\/a><\/li>\n    <li><a href=\"https:\/\/mondedesylvieetpierre.ca\/voyage\/?page_id=41622\">Quatorzi\u00e8me&nbsp;jour &#8212; 31&nbsp;octobre<\/a><\/li>\n    <li>Quinzi\u00e8me&nbsp;jour &#8212; 1<sup>er<\/sup>&nbsp;novembre<\/li>\n<\/ol>\t\t\t\t\t\t\t\t<\/div>\n\t\t\t\t<\/div>\n\t\t<div class=\"elementor-element elementor-element-79a57ea e-con-full e-flex e-con e-child\" data-id=\"79a57ea\" data-element_type=\"container\" data-e-type=\"container\">\n\t\t\t\t<\/div>\n\t\t\t\t\t<\/div>\n\t\t\t\t<\/div>\n\t\t\t\t<section class=\"elementor-section elementor-top-section elementor-element elementor-element-11e70442 elementor-section-boxed elementor-section-height-default elementor-section-height-default\" data-id=\"11e70442\" data-element_type=\"section\" data-e-type=\"section\">\n\t\t\t\t\t\t<div class=\"elementor-container elementor-column-gap-default\">\n\t\t\t\t\t<div class=\"elementor-column elementor-col-100 elementor-top-column elementor-element elementor-element-73a3880b\" data-id=\"73a3880b\" data-element_type=\"column\" data-e-type=\"column\">\n\t\t\t<div class=\"elementor-widget-wrap elementor-element-populated\">\n\t\t\t\t\t\t<div class=\"elementor-element elementor-element-26fc2a93 elementor-widget-divider--view-line_text elementor-widget-divider--element-align-center elementor-widget elementor-widget-divider\" data-id=\"26fc2a93\" data-element_type=\"widget\" data-e-type=\"widget\" data-widget_type=\"divider.default\">\n\t\t\t\t\t\t\t<div class=\"elementor-divider\">\n\t\t\t<span class=\"elementor-divider-separator\">\n\t\t\t\t\t\t\t<span class=\"elementor-divider__text elementor-divider__element\">\n\t\t\t\tINFO-VOYAGE\t\t\t\t<\/span>\n\t\t\t\t\t\t<\/span>\n\t\t<\/div>\n\t\t\t\t\t\t<\/div>\n\t\t\t\t\t<\/div>\n\t\t<\/div>\n\t\t\t\t\t<\/div>\n\t\t<\/section>\n\t\t<div class=\"elementor-element elementor-element-6268ae5 e-flex e-con-boxed e-con e-parent\" data-id=\"6268ae5\" data-element_type=\"container\" data-e-type=\"container\">\n\t\t\t\t\t<div class=\"e-con-inner\">\n\t\t\t\t<div class=\"elementor-element elementor-element-7519678 elementor-widget elementor-widget-heading\" data-id=\"7519678\" data-element_type=\"widget\" data-e-type=\"widget\" data-widget_type=\"heading.default\">\n\t\t\t\t\t<h2 class=\"elementor-heading-title elementor-size-medium\">Nos photos ci-dessous repr\u00e9sentent les 4&nbsp;animaux des <em><strong>BIG&nbsp;FIVE<\/strong><\/em><\/h2>\t\t\t\t<\/div>\n\t\t\t\t\t<\/div>\n\t\t\t\t<\/div>\n\t\t\t\t<section class=\"elementor-section elementor-top-section elementor-element elementor-element-252f4755 elementor-section-boxed elementor-section-height-default elementor-section-height-default\" data-id=\"252f4755\" data-element_type=\"section\" data-e-type=\"section\">\n\t\t\t\t\t\t<div class=\"elementor-container elementor-column-gap-default\">\n\t\t\t\t\t<div class=\"elementor-column elementor-col-100 elementor-top-column elementor-element elementor-element-3f523221\" data-id=\"3f523221\" data-element_type=\"column\" data-e-type=\"column\">\n\t\t\t<div class=\"elementor-widget-wrap elementor-element-populated\">\n\t\t\t\t\t\t<div class=\"elementor-element elementor-element-2599fbfe elementor-widget elementor-widget-gallery\" data-id=\"2599fbfe\" data-element_type=\"widget\" data-e-type=\"widget\" data-settings=\"{&quot;columns&quot;:2,&quot;overlay_title&quot;:&quot;caption&quot;,&quot;lazyload&quot;:&quot;yes&quot;,&quot;gallery_layout&quot;:&quot;grid&quot;,&quot;columns_tablet&quot;:2,&quot;columns_mobile&quot;:1,&quot;gap&quot;:{&quot;unit&quot;:&quot;px&quot;,&quot;size&quot;:10,&quot;sizes&quot;:[]},&quot;gap_tablet&quot;:{&quot;unit&quot;:&quot;px&quot;,&quot;size&quot;:10,&quot;sizes&quot;:[]},&quot;gap_mobile&quot;:{&quot;unit&quot;:&quot;px&quot;,&quot;size&quot;:10,&quot;sizes&quot;:[]},&quot;link_to&quot;:&quot;file&quot;,&quot;aspect_ratio&quot;:&quot;3:2&quot;,&quot;overlay_background&quot;:&quot;yes&quot;,&quot;content_hover_animation&quot;:&quot;fade-in&quot;}\" data-widget_type=\"gallery.default\">\n\t\t\t\t\t\t\t<div class=\"elementor-gallery__container\">\n\t\t\t\t\t\t\t<a class=\"e-gallery-item elementor-gallery-item elementor-animated-content\" href=\"https:\/\/mondedesylvieetpierre.ca\/voyage\/wp-content\/uploads\/2023\/11\/Rhinoceros.jpg\" data-elementor-open-lightbox=\"yes\" data-elementor-lightbox-slideshow=\"2599fbfe\" data-elementor-lightbox-title=\"Rhinoc\u00e9ros\" data-e-action-hash=\"#elementor-action%3Aaction%3Dlightbox%26settings%3DeyJpZCI6NDEyNTUsInVybCI6Imh0dHBzOlwvXC9tb25kZWRlc3lsdmllZXRwaWVycmUuY2FcL3ZveWFnZVwvd3AtY29udGVudFwvdXBsb2Fkc1wvMjAyM1wvMTFcL1JoaW5vY2Vyb3MuanBnIiwic2xpZGVzaG93IjoiMjU5OWZiZmUifQ%3D%3D\">\n\t\t\t\t\t<div class=\"e-gallery-image elementor-gallery-item__image\" data-thumbnail=\"https:\/\/mondedesylvieetpierre.ca\/voyage\/wp-content\/uploads\/2023\/11\/Rhinoceros-600x400.jpg\" data-width=\"600\" data-height=\"400\" aria-label=\"\" role=\"img\" ><\/div>\n\t\t\t\t\t\t\t\t\t\t\t<div class=\"elementor-gallery-item__overlay\"><\/div>\n\t\t\t\t\t\t\t\t\t\t\t\t\t\t\t<div class=\"elementor-gallery-item__content\">\n\t\t\t\t\t\t\t\t\t\t\t\t\t\t<div class=\"elementor-gallery-item__title\">\n\t\t\t\t\t\t\t\t\t\t\t\t\t\t\t\t\t\tLe rhinoc\u00e9ros est un mammif\u00e8re herbivore de la famille des Rhinoc\u00e9rotid\u00e9s. L\u2019animal mesure autour de 4 m\u00e8tres de long et 2 m\u00e8tres de haut. Son poids peut atteindre les 3 tonnes. Selon l\u2019origine du mot, le rhinoc\u00e9ros est un animal ayant des cornes se trouvant sur son nez. Le grand mammif\u00e8re poss\u00e8de en effet, au bout du museau, une ou deux cornes selon l\u2019esp\u00e8ce.\t\t\t\t\t\t\t\t<\/div>\n\t\t\t\t\t\t\t\t\t\t\t\t<\/div>\n\t\t\t\t\t\t\t\t\t<\/a>\n\t\t\t\t\t\t\t<a class=\"e-gallery-item elementor-gallery-item elementor-animated-content\" href=\"https:\/\/mondedesylvieetpierre.ca\/voyage\/wp-content\/uploads\/2023\/11\/Lion.jpg\" data-elementor-open-lightbox=\"yes\" data-elementor-lightbox-slideshow=\"2599fbfe\" data-elementor-lightbox-title=\"Lion\" data-e-action-hash=\"#elementor-action%3Aaction%3Dlightbox%26settings%3DeyJpZCI6NDEyNTQsInVybCI6Imh0dHBzOlwvXC9tb25kZWRlc3lsdmllZXRwaWVycmUuY2FcL3ZveWFnZVwvd3AtY29udGVudFwvdXBsb2Fkc1wvMjAyM1wvMTFcL0xpb24uanBnIiwic2xpZGVzaG93IjoiMjU5OWZiZmUifQ%3D%3D\">\n\t\t\t\t\t<div class=\"e-gallery-image elementor-gallery-item__image\" data-thumbnail=\"https:\/\/mondedesylvieetpierre.ca\/voyage\/wp-content\/uploads\/2023\/11\/Lion-600x400.jpg\" data-width=\"600\" data-height=\"400\" aria-label=\"\" role=\"img\" ><\/div>\n\t\t\t\t\t\t\t\t\t\t\t<div class=\"elementor-gallery-item__overlay\"><\/div>\n\t\t\t\t\t\t\t\t\t\t\t\t\t\t\t<div class=\"elementor-gallery-item__content\">\n\t\t\t\t\t\t\t\t\t\t\t\t\t\t<div class=\"elementor-gallery-item__title\">\n\t\t\t\t\t\t\t\t\t\t\t\t\t\t\t\t\t\tLe lion d\u2019Afrique est un mammif\u00e8re carnivore appartenant \u00e0 la famille des f\u00e9lid\u00e9s.  Il est le plus grand carnivore d\u2019Afrique et le deuxi\u00e8me plus grand f\u00e9lid\u00e9 apr\u00e8s le tigre.  Il est surnomm\u00e9 le Roi des animaux du fait de son imposant charisme et de sa crini\u00e8re qui rappelle le soleil.\t\t\t\t\t\t\t\t<\/div>\n\t\t\t\t\t\t\t\t\t\t\t\t<\/div>\n\t\t\t\t\t\t\t\t\t<\/a>\n\t\t\t\t\t\t\t<a class=\"e-gallery-item elementor-gallery-item elementor-animated-content\" href=\"https:\/\/mondedesylvieetpierre.ca\/voyage\/wp-content\/uploads\/2023\/11\/Elephant.jpg\" data-elementor-open-lightbox=\"yes\" data-elementor-lightbox-slideshow=\"2599fbfe\" data-elementor-lightbox-title=\"\u00c9l\u00e9phant\" data-e-action-hash=\"#elementor-action%3Aaction%3Dlightbox%26settings%3DeyJpZCI6NDEyNTMsInVybCI6Imh0dHBzOlwvXC9tb25kZWRlc3lsdmllZXRwaWVycmUuY2FcL3ZveWFnZVwvd3AtY29udGVudFwvdXBsb2Fkc1wvMjAyM1wvMTFcL0VsZXBoYW50LmpwZyIsInNsaWRlc2hvdyI6IjI1OTlmYmZlIn0%3D\">\n\t\t\t\t\t<div class=\"e-gallery-image elementor-gallery-item__image\" data-thumbnail=\"https:\/\/mondedesylvieetpierre.ca\/voyage\/wp-content\/uploads\/2023\/11\/Elephant-600x400.jpg\" data-width=\"600\" data-height=\"400\" aria-label=\"\" role=\"img\" ><\/div>\n\t\t\t\t\t\t\t\t\t\t\t<div class=\"elementor-gallery-item__overlay\"><\/div>\n\t\t\t\t\t\t\t\t\t\t\t\t\t\t\t<div class=\"elementor-gallery-item__content\">\n\t\t\t\t\t\t\t\t\t\t\t\t\t\t<div class=\"elementor-gallery-item__title\">\n\t\t\t\t\t\t\t\t\t\t\t\t\t\t\t\t\t\tL\u2019\u00e9l\u00e9phant d\u2019Afrique, appel\u00e9 aussi \u00e9l\u00e9phant de savane d\u2019Afrique, est un mammif\u00e8re herbivore de la famille des \u00e9l\u00e9phantid\u00e9s tr\u00e8s r\u00e9pandu sur le continent africain.  Il se diff\u00e9rencie de l\u2019\u00e9l\u00e9phant d\u2019Asie par une taille plus importante, un dos concave et des oreilles plus grandes.  Il est l\u2019un des plus grands mammif\u00e8res terrestres.\t\t\t\t\t\t\t\t<\/div>\n\t\t\t\t\t\t\t\t\t\t\t\t<\/div>\n\t\t\t\t\t\t\t\t\t<\/a>\n\t\t\t\t\t\t\t<a class=\"e-gallery-item elementor-gallery-item elementor-animated-content\" href=\"https:\/\/mondedesylvieetpierre.ca\/voyage\/wp-content\/uploads\/2023\/11\/Buffle-dAfrique.jpg\" data-elementor-open-lightbox=\"yes\" data-elementor-lightbox-slideshow=\"2599fbfe\" data-elementor-lightbox-title=\"Buffle d&#039;Afrique\" data-e-action-hash=\"#elementor-action%3Aaction%3Dlightbox%26settings%3DeyJpZCI6NDEyNTIsInVybCI6Imh0dHBzOlwvXC9tb25kZWRlc3lsdmllZXRwaWVycmUuY2FcL3ZveWFnZVwvd3AtY29udGVudFwvdXBsb2Fkc1wvMjAyM1wvMTFcL0J1ZmZsZS1kQWZyaXF1ZS5qcGciLCJzbGlkZXNob3ciOiIyNTk5ZmJmZSJ9\">\n\t\t\t\t\t<div class=\"e-gallery-image elementor-gallery-item__image\" data-thumbnail=\"https:\/\/mondedesylvieetpierre.ca\/voyage\/wp-content\/uploads\/2023\/11\/Buffle-dAfrique-600x400.jpg\" data-width=\"600\" data-height=\"400\" aria-label=\"\" role=\"img\" ><\/div>\n\t\t\t\t\t\t\t\t\t\t\t<div class=\"elementor-gallery-item__overlay\"><\/div>\n\t\t\t\t\t\t\t\t\t\t\t\t\t\t\t<div class=\"elementor-gallery-item__content\">\n\t\t\t\t\t\t\t\t\t\t\t\t\t\t<div class=\"elementor-gallery-item__title\">\n\t\t\t\t\t\t\t\t\t\t\t\t\t\t\t\t\t\tLe buffle d\u2019Afrique, \u00e9galement appel\u00e9 le grand buffle noir des savanes est un grand mammif\u00e8re herbivore de la famille des bovid\u00e9s originaire du continent africain. Il est issu de la souche des Bubalina dont provient \u00e9galement le buffle d\u2019Asie.  Le buffle d\u2019Afrique est un animal gr\u00e9gaire vivant en troupeaux d\u2019une centaine d\u2019individus.\t\t\t\t\t\t\t\t<\/div>\n\t\t\t\t\t\t\t\t\t\t\t\t<\/div>\n\t\t\t\t\t\t\t\t\t<\/a>\n\t\t\t\t\t<\/div>\n\t\t\t\t\t<\/div>\n\t\t\t\t\t<\/div>\n\t\t<\/div>\n\t\t\t\t\t<\/div>\n\t\t<\/section>\n\t\t\t\t<section class=\"elementor-section elementor-top-section elementor-element elementor-element-7b7b4892 elementor-section-boxed elementor-section-height-default elementor-section-height-default\" data-id=\"7b7b4892\" data-element_type=\"section\" data-e-type=\"section\">\n\t\t\t\t\t\t<div class=\"elementor-container elementor-column-gap-default\">\n\t\t\t\t\t<div class=\"elementor-column elementor-col-100 elementor-top-column elementor-element elementor-element-438de900\" data-id=\"438de900\" data-element_type=\"column\" data-e-type=\"column\">\n\t\t\t<div class=\"elementor-widget-wrap elementor-element-populated\">\n\t\t\t\t\t\t<div class=\"elementor-element elementor-element-2da983b9 elementor-widget elementor-widget-text-editor\" data-id=\"2da983b9\" data-element_type=\"widget\" data-e-type=\"widget\" data-widget_type=\"text-editor.default\">\n\t\t\t\t\t\t\t\t\t<h5 style=\"text-align: center;\">Notre s\u00e9jour en Afrique&nbsp;du&nbsp;Sud et Royaume&nbsp;d\u2019Eswatini avec <em>Objectif&nbsp;Monde<\/em> d&rsquo;un groupe de 35&nbsp;personnes, soit d&rsquo;une&nbsp;dur\u00e9e de 15&nbsp;jours du 18&nbsp;octobre au 1<sup>er<\/sup>&nbsp;novembre&nbsp;2023.<\/h5>\n<p style=\"text-align: center;\">Ce voyage fut le voyage d\u2019une vie.<br \/>\nNous avions d\u00e9cid\u00e9 de faire ce voyage pour c\u00e9l\u00e9brer le 65<sup>e<\/sup>&nbsp;anniversaire de&nbsp;<em>Pierre<\/em> et mon&nbsp;60<sup>e<\/sup> avant la&nbsp;pand\u00e9mie.<br \/>\nEn&nbsp;janvier&nbsp;2023, je r\u00e9serve ce voyage qui fut un r\u00eave qui se r\u00e9alisa.<br \/>\nNos coups de c\u0153ur sont les safaris et les paysages, parmi les plus beaux et les plus vari\u00e9s que nous avons vus \u00e0&nbsp;date.<br \/>\nEn plus des safaris, ce voyage nous a permis de connaitre la&nbsp;pauvret\u00e9, les&nbsp;vins, les&nbsp;plantations de plusieurs fruits&nbsp;tropicaux, les&nbsp;canyons, les&nbsp;montagnes, son&nbsp;histoire avec l<strong>\u2019Apartheid<\/strong> et tout ceci racont\u00e9 par notre super guide <em>F\u00e9lix<\/em> et son exp\u00e9rience du terrain de plus de 34&nbsp;ans.<br \/>\nJe recommande fortement <em><strong>Objectif&nbsp;Monde<\/strong><\/em> si l\u2019Afrique&nbsp;du&nbsp;Sud est dans votre check-list.<br \/>\nBon&nbsp;visionnement&nbsp;!!!<\/p>\t\t\t\t\t\t\t\t<\/div>\n\t\t\t\t\t<\/div>\n\t\t<\/div>\n\t\t\t\t\t<\/div>\n\t\t<\/section>\n\t\t<div class=\"elementor-element elementor-element-e0613e4 e-flex e-con-boxed e-con e-parent\" data-id=\"e0613e4\" data-element_type=\"container\" data-e-type=\"container\">\n\t\t\t\t\t<div class=\"e-con-inner\">\n\t\t\t\t<div class=\"elementor-element elementor-element-81b4ac2 elementor-widget elementor-widget-image\" data-id=\"81b4ac2\" data-element_type=\"widget\" data-e-type=\"widget\" data-widget_type=\"image.default\">\n\t\t\t\t\t\t\t\t\t\t\t\t<figure class=\"wp-caption\">\n\t\t\t\t\t\t\t\t\t\t<img decoding=\"async\" width=\"120\" height=\"116\" src=\"https:\/\/mondedesylvieetpierre.ca\/voyage\/wp-content\/uploads\/2023\/11\/Coeur-Afrique-du-Sud-120x116-1.png\" class=\"attachment-pixelwars_theme_image_size_nullx500 size-pixelwars_theme_image_size_nullx500 wp-image-41983\" alt=\"\" \/>\t\t\t\t\t\t\t\t\t\t\t<figcaption class=\"widget-image-caption wp-caption-text\">Ce voyage fut un coup de c\u0153ur<\/figcaption>\n\t\t\t\t\t\t\t\t\t\t<\/figure>\n\t\t\t\t\t\t\t\t\t<\/div>\n\t\t\t\t\t<\/div>\n\t\t\t\t<\/div>\n\t\t\t\t<section class=\"elementor-section elementor-top-section elementor-element elementor-element-49d1662c elementor-section-boxed elementor-section-height-default elementor-section-height-default\" data-id=\"49d1662c\" data-element_type=\"section\" data-e-type=\"section\">\n\t\t\t\t\t\t<div class=\"elementor-container elementor-column-gap-default\">\n\t\t\t\t\t<div class=\"elementor-column elementor-col-100 elementor-top-column elementor-element elementor-element-59460e2e\" data-id=\"59460e2e\" data-element_type=\"column\" data-e-type=\"column\">\n\t\t\t<div class=\"elementor-widget-wrap elementor-element-populated\">\n\t\t\t\t\t\t<div class=\"elementor-element elementor-element-1774be00 elementor-widget-divider--view-line_text elementor-widget-divider--element-align-center elementor-widget elementor-widget-divider\" data-id=\"1774be00\" data-element_type=\"widget\" data-e-type=\"widget\" data-widget_type=\"divider.default\">\n\t\t\t\t\t\t\t<div class=\"elementor-divider\">\n\t\t\t<span class=\"elementor-divider-separator\">\n\t\t\t\t\t\t\t<span class=\"elementor-divider__text elementor-divider__element\">\n\t\t\t\tNotre guide de GO-TOURISM\t\t\t\t<\/span>\n\t\t\t\t\t\t<\/span>\n\t\t<\/div>\n\t\t\t\t\t\t<\/div>\n\t\t\t\t\t<\/div>\n\t\t<\/div>\n\t\t\t\t\t<\/div>\n\t\t<\/section>\n\t\t<div class=\"elementor-element elementor-element-c9c149a e-flex e-con-boxed e-con e-parent\" data-id=\"c9c149a\" data-element_type=\"container\" data-e-type=\"container\">\n\t\t\t\t\t<div class=\"e-con-inner\">\n\t\t<div class=\"elementor-element elementor-element-4ab8be7 e-con-full e-flex e-con e-child\" data-id=\"4ab8be7\" data-element_type=\"container\" data-e-type=\"container\">\n\t\t<div class=\"elementor-element elementor-element-9c4df51 e-flex e-con-boxed e-con e-child\" data-id=\"9c4df51\" data-element_type=\"container\" data-e-type=\"container\">\n\t\t\t\t\t<div class=\"e-con-inner\">\n\t\t\t\t<div class=\"elementor-element elementor-element-4bd748c elementor-widget elementor-widget-image\" data-id=\"4bd748c\" data-element_type=\"widget\" data-e-type=\"widget\" data-widget_type=\"image.default\">\n\t\t\t\t\t\t\t\t\t\t\t\t<figure class=\"wp-caption\">\n\t\t\t\t\t\t\t\t\t\t<img loading=\"lazy\" decoding=\"async\" width=\"200\" height=\"200\" src=\"https:\/\/mondedesylvieetpierre.ca\/voyage\/wp-content\/uploads\/2023\/11\/Logo-Go-Tourism-200x200-1.jpg\" class=\"attachment-pixelwars_theme_image_size_nullx500 size-pixelwars_theme_image_size_nullx500 wp-image-41320\" alt=\"\" srcset=\"https:\/\/mondedesylvieetpierre.ca\/voyage\/wp-content\/uploads\/2023\/11\/Logo-Go-Tourism-200x200-1.jpg 200w, https:\/\/mondedesylvieetpierre.ca\/voyage\/wp-content\/uploads\/2023\/11\/Logo-Go-Tourism-200x200-1-150x150.jpg 150w\" sizes=\"(max-width: 200px) 100vw, 200px\" \/>\t\t\t\t\t\t\t\t\t\t\t<figcaption class=\"widget-image-caption wp-caption-text\"><em><strong>GO-TOURISM<\/strong><\/em> est une agence r\u00e9ceptive<br \/> qui vous ouvre les portes des plus belles destinations<br \/> auxquelles vous pouvez r\u00eaver en <em>Afrique<\/em>.<\/figcaption>\n\t\t\t\t\t\t\t\t\t\t<\/figure>\n\t\t\t\t\t\t\t\t\t<\/div>\n\t\t\t\t\t<\/div>\n\t\t\t\t<\/div>\n\t\t\t\t<\/div>\n\t\t<div class=\"elementor-element elementor-element-94c7c12 e-con-full e-flex e-con e-child\" data-id=\"94c7c12\" data-element_type=\"container\" data-e-type=\"container\">\n\t\t<div class=\"elementor-element elementor-element-e4b24fa e-flex e-con-boxed e-con e-child\" data-id=\"e4b24fa\" data-element_type=\"container\" data-e-type=\"container\">\n\t\t\t\t\t<div class=\"e-con-inner\">\n\t\t\t\t<div class=\"elementor-element elementor-element-8a2b882 elementor-widget elementor-widget-image\" data-id=\"8a2b882\" data-element_type=\"widget\" data-e-type=\"widget\" data-widget_type=\"image.default\">\n\t\t\t\t\t\t\t\t\t\t\t\t<figure class=\"wp-caption\">\n\t\t\t\t\t\t\t\t\t\t<img decoding=\"async\" src=\"https:\/\/mondedesylvieetpierre.ca\/voyage\/wp-content\/uploads\/elementor\/thumbs\/Logo-Objectif-monde-401x243-1-qf6dh1pd3t0qpphjpak8qwci2lkgotjzcb1h6ctfz0.png\" title=\"Logo Objectif-monde 401&#215;243\" alt=\"Logo Objectif-monde 401x243\" loading=\"lazy\" \/>\t\t\t\t\t\t\t\t\t\t\t<figcaption class=\"widget-image-caption wp-caption-text\"><em><strong>Objectif&nbsp;Monde<\/strong><\/em> est une agence de voyage au Qu\u00e9bec qui travaille avec <strong>GO-TOURISM<\/strong>.<br \/> Saveurs, exp\u00e9riences et d\u00e9couvertes sont au rendez-vous de nos offres de voyage.<br \/> Un voyage passionnant au c\u0153ur de l\u2019Afrique du Sud&nbsp;!<br \/> D\u00e9couvrez la r\u00e9gion du Cap, la route des vins, l\u2019incroyable faune sud-africaine en safari<br \/> et impr\u00e9gnez-vous des influences culturelles de ce pays unique.<\/figcaption>\n\t\t\t\t\t\t\t\t\t\t<\/figure>\n\t\t\t\t\t\t\t\t\t<\/div>\n\t\t\t\t\t<\/div>\n\t\t\t\t<\/div>\n\t\t\t\t<\/div>\n\t\t\t\t\t<\/div>\n\t\t\t\t<\/div>\n\t\t\t\t<section class=\"elementor-section elementor-top-section elementor-element elementor-element-22e07a9a elementor-section-boxed elementor-section-height-default elementor-section-height-default\" data-id=\"22e07a9a\" data-element_type=\"section\" data-e-type=\"section\">\n\t\t\t\t\t\t<div class=\"elementor-container elementor-column-gap-default\">\n\t\t\t\t\t<div class=\"elementor-column elementor-col-100 elementor-top-column elementor-element elementor-element-3f2d3a52\" data-id=\"3f2d3a52\" data-element_type=\"column\" data-e-type=\"column\">\n\t\t\t<div class=\"elementor-widget-wrap elementor-element-populated\">\n\t\t\t\t\t\t<div class=\"elementor-element elementor-element-7d22b83b elementor-widget elementor-widget-image\" data-id=\"7d22b83b\" data-element_type=\"widget\" data-e-type=\"widget\" data-widget_type=\"image.default\">\n\t\t\t\t\t\t\t\t\t\t\t\t<figure class=\"wp-caption\">\n\t\t\t\t\t\t\t\t\t\t\t<a href=\"https:\/\/mondedesylvieetpierre.ca\/voyage\/wp-content\/uploads\/2023\/11\/20231102-Felix-Ngondi-401x573-1.png\" data-elementor-open-lightbox=\"yes\" data-elementor-lightbox-title=\"20231102-Felix Ngondi 401x573\" data-e-action-hash=\"#elementor-action%3Aaction%3Dlightbox%26settings%3DeyJpZCI6NDE1NTAsInVybCI6Imh0dHBzOlwvXC9tb25kZWRlc3lsdmllZXRwaWVycmUuY2FcL3ZveWFnZVwvd3AtY29udGVudFwvdXBsb2Fkc1wvMjAyM1wvMTFcLzIwMjMxMTAyLUZlbGl4LU5nb25kaS00MDF4NTczLTEucG5nIn0%3D\">\n\t\t\t\t\t\t\t<img decoding=\"async\" src=\"https:\/\/mondedesylvieetpierre.ca\/voyage\/wp-content\/uploads\/elementor\/thumbs\/20231102-Felix-Ngondi-401x573-1-qf96bylnvel8jg3xczlstk6e8qn3miun1wbhofrrqw.png\" title=\"20231102-Felix Ngondi 401&#215;573\" alt=\"20231102-Felix Ngondi 401x573\" loading=\"lazy\" \/>\t\t\t\t\t\t\t\t<\/a>\n\t\t\t\t\t\t\t\t\t\t\t<figcaption class=\"widget-image-caption wp-caption-text\">Notre guide africain <em><strong>F\u00e9lix Ngondi<\/strong><\/em>.<br \/> Il parle plusieurs langues.<br \/> Tr\u00e8s dynamique, tr\u00e8s ponctuel et avec le sens de l'humour.<br \/> Tr\u00e8s bonne connaissance de l'Afrique australe.<\/figcaption>\n\t\t\t\t\t\t\t\t\t\t<\/figure>\n\t\t\t\t\t\t\t\t\t<\/div>\n\t\t\t\t\t<\/div>\n\t\t<\/div>\n\t\t\t\t\t<\/div>\n\t\t<\/section>\n\t\t\t\t<section class=\"elementor-section elementor-top-section elementor-element elementor-element-24269573 elementor-section-boxed elementor-section-height-default elementor-section-height-default\" data-id=\"24269573\" data-element_type=\"section\" data-e-type=\"section\">\n\t\t\t\t\t\t<div class=\"elementor-container elementor-column-gap-default\">\n\t\t\t\t\t<div class=\"elementor-column elementor-col-100 elementor-top-column elementor-element elementor-element-28ef78dc\" data-id=\"28ef78dc\" data-element_type=\"column\" data-e-type=\"column\">\n\t\t\t<div class=\"elementor-widget-wrap elementor-element-populated\">\n\t\t\t\t\t\t<div class=\"elementor-element elementor-element-18e14594 elementor-widget-divider--view-line_text elementor-widget-divider--element-align-center elementor-widget elementor-widget-divider\" data-id=\"18e14594\" data-element_type=\"widget\" data-e-type=\"widget\" data-widget_type=\"divider.default\">\n\t\t\t\t\t\t\t<div class=\"elementor-divider\">\n\t\t\t<span class=\"elementor-divider-separator\">\n\t\t\t\t\t\t\t<span class=\"elementor-divider__text elementor-divider__element\">\n\t\t\t\tInformation sur l'Afrique du Sud\t\t\t\t<\/span>\n\t\t\t\t\t\t<\/span>\n\t\t<\/div>\n\t\t\t\t\t\t<\/div>\n\t\t\t\t\t<\/div>\n\t\t<\/div>\n\t\t\t\t\t<\/div>\n\t\t<\/section>\n\t\t\t\t<section class=\"elementor-section elementor-top-section elementor-element elementor-element-3b4eea52 elementor-section-boxed elementor-section-height-default elementor-section-height-default\" data-id=\"3b4eea52\" data-element_type=\"section\" data-e-type=\"section\">\n\t\t\t\t\t\t<div class=\"elementor-container elementor-column-gap-default\">\n\t\t\t\t\t<div class=\"elementor-column elementor-col-33 elementor-top-column elementor-element elementor-element-7b56f606\" data-id=\"7b56f606\" data-element_type=\"column\" data-e-type=\"column\">\n\t\t\t<div class=\"elementor-widget-wrap\">\n\t\t\t\t\t\t\t<\/div>\n\t\t<\/div>\n\t\t\t\t<div class=\"elementor-column elementor-col-33 elementor-top-column elementor-element elementor-element-4d888199\" data-id=\"4d888199\" data-element_type=\"column\" data-e-type=\"column\">\n\t\t\t<div class=\"elementor-widget-wrap elementor-element-populated\">\n\t\t\t\t\t\t<div class=\"elementor-element elementor-element-304e71ad elementor-widget elementor-widget-shortcode\" data-id=\"304e71ad\" data-element_type=\"widget\" data-e-type=\"widget\" data-widget_type=\"shortcode.default\">\n\t\t\t\t\t\t\t<div class=\"elementor-shortcode\"><div class=\"toggle-group\">\n<div class=\"toggle\"><h4>L'Afrique du Sud<\/h4><div class=\"toggle-content\">\n<p align=\"center\"><img decoding=\"async\" src=\"https:\/\/mondedesylvieetpierre.ca\/voyage\/wp-content\/uploads\/2023\/11\/Logo-south-Africa-400x65-1.png\" alt=\"Logo-south-Africa-400x65-1\"><\/p>\n<p style=\"text-align: center;\">L'<em><strong>Afrique&nbsp;du&nbsp;Sud<\/strong><\/em> est un pays d'<strong>Afrique&nbsp;australe<\/strong>.<br \/>\nSa capitale administrative est <em>Pretoria<\/em>.<br \/>\nIl est frontalier \u00e0 l'ouest-nord-ouest avec la <em>Namibie<\/em>, au nord et au nord-nord-est avec le&nbsp;<em>Botswana<\/em>, au nord-est avec le&nbsp;<em>Zimbabwe<\/em>, et \u00e0 l'est-nord-est avec le&nbsp;<em>Mozambique<\/em> et l'<em>Eswatini<\/em>.<br \/>\nLe&nbsp;<em>Lesotho<\/em> est pour sa part un \u00c9tat enclav\u00e9 dans le territoire sud-africain.<\/p>\n<h3 align=\"center\"><u>Drapeau de l'Afrique&nbsp;du&nbsp;Sud<\/u><\/h3>\n<p align=\"center\"><img decoding=\"async\" src=\"https:\/\/mondedesylvieetpierre.ca\/voyage\/wp-content\/uploads\/2023\/11\/Flag_of_South_Africa-225x150-1.png\" alt=\"Flag_of_South_Africa-225x150-1\"><\/p\n><p style=\"text-align: justify;\">Le drapeau sud-africain est compos\u00e9 de plusieurs couleurs, chacune ayant une signification particuli\u00e8re&nbsp;:\n<ul><li>Le noir repr\u00e9sente le peuple africain indig\u00e8ne.<\/li>\n<li>Le vert repr\u00e9sente la fertilit\u00e9 de la terre, la production alimentaire et l\u2019agriculture.<\/li>\n<li>L\u2019or repr\u00e9sente la richesse min\u00e9rale du pays.<\/li>\n<li>Le rouge repr\u00e9sente ceux qui ont donn\u00e9 leur vie pour la libert\u00e9 de l\u2019Afrique du Sud.<\/li>\n<li>Le blanc symbolise la d\u00e9mocratie et la r\u00e9publique nouvelle.<\/li>\n<li>La forme horizontale en \u00ab&nbsp;Y&nbsp;\u00bb au niveau de la hampe symbolise une nation autrefois divis\u00e9e qui se rassemble et coop\u00e8re.<\/li><\/ul><\/p>\n<h3 align=\"center\"><u>La faune, la flore et l\u2019h\u00e9ritage culturel<\/u><\/h3>\n<p align=\"center\"><img decoding=\"async\" src=\"https:\/\/mondedesylvieetpierre.ca\/voyage\/wp-content\/uploads\/2023\/11\/Big-Five-400x237-1.jpg\" style=\"border-radius:20px;\" alt=\"Big-Five-400x237-1\"><br \/>\n<span style=\"font-size: 12px;\">Big five<\/span><\/p\n><p style=\"text-align: justify;\">L'<strong><em>Afrique&nbsp;du&nbsp;Sud<\/em><\/strong> poss\u00e8de, gr\u00e2ce \u00e0 sa grande vari\u00e9t\u00e9 d'\u00e9cosyst\u00e8mes, une faune et une flore tr\u00e8s diversifi\u00e9es.<br \/>\nLes d\u00e9serts, savanes arides, savanes humides, for\u00eats, fynbos, montagnes et c\u00f4tes, offrent de nombreuses niches \u00e9cologiques pour les nombreuses esp\u00e8ces animales et v\u00e9g\u00e9tales.<br \/>\nDes populations tr\u00e8s importantes de mammif\u00e8res marins vivent aux abords des c\u00f4tes, notamment atlantiques, parmi lesquelles des baleines, des dauphins, des globic\u00e9phales et de tr\u00e8s importantes colonies de pinnip\u00e8des.<br \/>\nElle fait partie des dix-sept pays m\u00e9gadivers, pays dont la biodiversit\u00e9 est la plus importante de la plan\u00e8te.<br \/>\nEn partant du nord-est vers le sud-ouest, on trouve en <em><strong>Afrique&nbsp;du&nbsp;Sud<\/strong><\/em> l'une des plus grandes diversit\u00e9s d'animaux du continent&nbsp;:<br \/>\n<ul><li>Les \u00ab&nbsp;<em>Big&nbsp;Five<\/em>&nbsp;\u00bb (<em>terme de chasse r\u00e9unissant buffles, \u00e9l\u00e9phants, l\u00e9opards, lions, rhinoc\u00e9ros<\/em>) sont pr\u00e9sents ainsi que les girafes et les gu\u00e9pards, dans le plus grand (<em>350km de long, 55km de large<\/em>) des vingt-deux parcs nationaux sud-africains, le <em><strong>Parc&nbsp;national&nbsp;Kruger<\/strong><\/em>, l'aspect particulier de la brousse (<em>v\u00e9g\u00e9tation parsem\u00e9e d'arbustes<\/em>), ses animaux rares (<em>lycaon, rhinoc\u00e9ros noir<\/em>) et le s\u00e9jour dans des loges de safari en font une destination touristique importante.<\/li>\n<li>Au <em>sud du Eswatini<\/em>, la r\u00e9serve d'<em>Hluhluwe-Umfolozi<\/em> tire son int\u00e9r\u00eat de la pr\u00e9sence des \u00ab&nbsp;<em>Big&nbsp;Five<\/em>&nbsp;\u00bb, mais aussi des rhinoc\u00e9ros blancs, esp\u00e8ce tr\u00e8s rare qui a \u00e9chapp\u00e9 \u00e0 l'extermination.<\/li>\n<li>Les marais de la r\u00e9gion de Santa Lucia, dans le <em>KwaZulu-Natal<\/em>, abritent des hippopotames, des crocodiles et nombre d\u2019esp\u00e8ces d'oiseaux.<\/li>\n<li>Dans la province du Nord-Ouest, le <em>parc national Pilanesberg<\/em> accueille des rhinoc\u00e9ros blancs, des z\u00e8bres, des buffles, des girafes.<\/li>\n<li>Non loin du Cap se trouvent les r\u00e9serves d'oiseaux sauvages du <em>lagon&nbsp;de&nbsp;Langebaan<\/em> et de <em>Lambert's&nbsp;Bay<\/em>.<\/li>\n<li>\u00c0 mi-distance du <em>Cap<\/em> et de <em>Port&nbsp;Elizabeth<\/em>, il est \u00e9galement possible de visiter des fermes d'autruches autour d'<em>Oudtshoorn<\/em>.<\/li>\n<li>Situ\u00e9 au nord de <em>Port&nbsp;Elizabeth<\/em>, <em>Addo<\/em> est un parc national r\u00e9put\u00e9 pour ses \u00e9l\u00e9phants.<\/li>\n<li>Dans les savanes du d\u00e9sert du Karoo vivent les springboks, une esp\u00e8ce d'antilope du sud de l'Afrique.<\/li>\n<li>On les retrouve dans le parc transfrontalier de Kgalagadi, aux confins de la <em>Namibie<\/em> et du <em>Botswana<\/em>, o\u00f9 ils voisinent avec les lions, les gu\u00e9pards, les z\u00e8bres, les gnous, les suricates et de nombreuses esp\u00e8ces d'oiseaux, dont l'aigle&nbsp;martial.<\/li><\/ul><\/p>\n<h3 align=\"center\"><u>L'Apartheid<\/u><\/h3>\n<p align=\"center\"><img decoding=\"async\" src=\"https:\/\/mondedesylvieetpierre.ca\/voyage\/wp-content\/uploads\/2023\/11\/Nelson-Mandela-400x214-1.jpg\" style=\"border-radius:20px;\" alt=\"Nelson-Mandela-400x214-1\"><br \/>\n<span style=\"font-size: 12px;\">Nelson Mandela<\/span><\/p\n><p style=\"text-align: justify;\">L\u2019<strong>apartheid<\/strong> \u00e9tait une politique de \u00ab&nbsp;<em>d\u00e9veloppement&nbsp;s\u00e9par\u00e9<\/em>&nbsp;\u00bb affectant, selon des crit\u00e8res raciaux ou ethniques, les populations d'<em><strong>Afrique&nbsp;du&nbsp;Sud<\/strong><\/em> concern\u00e9es dans des zones g\u00e9ographiques d\u00e9termin\u00e9es.<br \/>\nCette politique a \u00e9t\u00e9 con\u00e7ue et introduite \u00e0 partir de&nbsp;1948 en <em><strong>Afrique&nbsp;du&nbsp;Sud<\/strong><\/em> par le Parti&nbsp;national, puis finalement abolie le 30&nbsp;juin&nbsp;1991.<br \/>\nPar la suite, \u00ab&nbsp;<em>le&nbsp;crime&nbsp;d'apartheid<\/em>&nbsp;\u00bb a \u00e9t\u00e9 \u00e9tendu par la Cour&nbsp;p\u00e9nale internationale \u00e0 toute situation o\u00f9 sont en vigueur \u00ab&nbsp;<em>des politiques similaires de s\u00e9gr\u00e9gation raciale et de discrimination<\/em>&nbsp;\u00bb.<\/p>\n<p>La politique d'apartheid se voulait l'aboutissement institutionnel d'une politique et d'une pratique jusque-l\u00e0 empirique de s\u00e9gr\u00e9gation raciale, \u00e9labor\u00e9e en <em><strong>Afrique&nbsp;du&nbsp;Sud<\/strong><\/em> depuis la fondation par la <em>Compagnie&nbsp;n\u00e9erlandaise<\/em> des <em>Indes&nbsp;orientales<\/em> de la colonie du&nbsp;<em>Cap<\/em> en&nbsp;1652.<br \/>\nAvec l'apartheid, le rattachement territorial (puis la nationalit\u00e9) et le statut social d\u00e9pendaient du statut racial de l'individu.<br \/>\nL'<strong>apartheid<\/strong> a \u00e9galement \u00e9t\u00e9 appliqu\u00e9 de 1959 \u00e0 1979 dans le Sud-Ouest&nbsp;africain (<em>actuelle Namibie<\/em>), alors administr\u00e9 par l'<em><strong>Afrique&nbsp;du&nbsp;Sud<\/strong><\/em>.<\/p>\n<p style=\"text-align: justify;\">La politique d'<strong>apartheid<\/strong> fut le \u00ab&nbsp;<em>r\u00e9sultat de l'anxi\u00e9t\u00e9 historique des Afrikaners obs\u00e9d\u00e9s par leur peur d'\u00eatre engloutis par la masse des peuples noirs environnants<\/em>&nbsp;\u00bb.<br \/>\nLes lois rigides qui en r\u00e9sult\u00e8rent, \u00ab&nbsp;<em>dict\u00e9es par une minorit\u00e9 blanche dynamique obs\u00e9d\u00e9e par sa survie<\/em>&nbsp;\u00bb en tant que nation distincte, furent ainsi le r\u00e9sultat d'une confrontation, sur une m\u00eame aire g\u00e9ographique, d'une soci\u00e9t\u00e9 sur-d\u00e9velopp\u00e9e, int\u00e9gr\u00e9e au premier monde avec une soci\u00e9t\u00e9 de subsistance, encore dans le tiers monde, manifestant le refus de l'int\u00e9gration des premiers avec les seconds.<\/p>\n<p style=\"text-align: justify;\">Apr\u00e8s le massacre de <em>Sharpeville<\/em> en&nbsp;1960 et dans le contexte de la d\u00e9colonisation, les critiques internationales contre l'<strong>apartheid<\/strong> commencent \u00e0 prendre de l'ampleur (<em>exclusion de l'Organisation mondiale de la sant\u00e9, du bureau international du travail puis du comit\u00e9 international olympique, retrait du mandat sur le Sud-Ouest africain<\/em>).<br \/>\nMais ce n'est qu\u2019apr\u00e8s les \u00e9meutes de <em>Soweto<\/em> en&nbsp;1976 que des sanctions internationales contraignantes (<em>embargo sur les ventes d'armes<\/em>) sont impos\u00e9es par le Conseil de s\u00e9curit\u00e9 des Nations unies contre l'<em><strong>Afrique&nbsp;du&nbsp;Sud<\/strong><\/em>.<br \/>\nLes r\u00e9formes entam\u00e9es sous les gouvernements de <em>Pieter&nbsp;Botha<\/em> (<em>autorisation de syndicats non blancs puis mixtes, abolition des emplois r\u00e9serv\u00e9s, nouvelle constitution r\u00e9-instaurant de droits politiques aux indiens et aux m\u00e9tis, abolition de la loi sur les laissez-passer et de celle interdisant les mariages mixtes, ouverture des lieux publics \u00e0 toutes les communaut\u00e9s<\/em>) ne suffisent pas \u00e0 enrayer la multiplication des sanctions internationales bilat\u00e9rales (<em>restrictions diplomatiques ou commerciales, embargo sur les importations de charbon, refus d'exportation de technologies<\/em>) tandis que les townships deviennent ingouvernables.<\/p>\n<p style=\"text-align: justify;\">\u00c0 la suite de l'arriv\u00e9e au pouvoir en&nbsp;ao\u00fbt&nbsp;1989 du pr\u00e9sident <em>Frederik&nbsp;de&nbsp;Klerk<\/em> et \u00e0 la lib\u00e9ration, apr\u00e8s vingt-sept&nbsp;ann\u00e9es d'emprisonnement, le&nbsp;11&nbsp;f\u00e9vrier&nbsp;1990, de <em>Nelson&nbsp;Mandela<\/em>, chef de file de la lutte contre l'<strong>apartheid<\/strong>, les derni\u00e8res lois piliers de l'<strong>apartheid<\/strong> (<em>notamment le group Areas Act et le Population Registration Act<\/em>) sont abolies en&nbsp;juin&nbsp;1991.<br \/>\nLes n\u00e9gociations constitutionnelles (<em>CODESA<\/em>) men\u00e9es entre le gouvernement, le congr\u00e8s national africain, le parti national et les principaux partis politiques sud-africains aboutissent \u00e0 l'\u00e9laboration d'une constitution int\u00e9rimaire, aux premi\u00e8res \u00e9lections parlementaires non raciales au suffrage universel (<em>27&nbsp;avril&nbsp;1994<\/em>) et \u00e0 l'\u00e9lection de <em>Nelson&nbsp;Mandela<\/em> comme premier pr\u00e9sident noir d'<em><strong>Afrique&nbsp;du&nbsp;Sud<\/strong><\/em> le 10&nbsp;mai&nbsp;1994.<br \/>\nPour avoir pacifiquement mis fin \u00e0 la politique d'<strong>apartheid<\/strong> et entam\u00e9 des n\u00e9gociations politiques, <em>Nelson&nbsp;Mandela<\/em> et <em>Frederik&nbsp;de&nbsp;Klerk<\/em> re\u00e7oivent conjointement le <em>Prix&nbsp;Nobel de la paix<\/em> en&nbsp;1993.<\/p>\n<h3 align=\"center\"><u>Population<\/u><\/h3>\n<p style=\"text-align: justify;\">L'Afrique du Sud compte 59,3&nbsp;millions&nbsp;d\u2019habitants en&nbsp;2020, c'est le 24<sup>e<\/sup> pays le plus peupl\u00e9&nbsp;au monde, r\u00e9partis en 80,2%&nbsp;de&nbsp;Noirs, 8,8%&nbsp;de&nbsp;Coloureds, 8,4%&nbsp;de&nbsp;Blancs et 2,5%&nbsp;d'asiatiques.<br \/>\nElle est souvent appel\u00e9e \u00ab&nbsp;<em>nation&nbsp;arc-en-ciel<\/em>&nbsp;\u00bb, notion invent\u00e9e par l'archev\u00eaque&nbsp;anglican et militant des droits de l'homme sud-africain <em>Desmond&nbsp;Tutu<\/em> pour d\u00e9signer la diversit\u00e9 de la nation sud-africaine et qui a remplac\u00e9 le concept de soci\u00e9t\u00e9 plurale employ\u00e9 pr\u00e9c\u00e9demment par les th\u00e9oriciens de l'apartheid (1948-1991).<\/p>\n<h3 align=\"center\"><u>Finance<\/u><\/h3>\n<p style=\"text-align: justify;\">L'\u00e9galit\u00e9 des revenus entre les diff\u00e9rents groupes de populations n'a pas progress\u00e9 depuis la fin de l'<strong>apartheid<\/strong> et l'<em><strong>Afrique&nbsp;du&nbsp;Sud<\/strong><\/em> conna\u00eet un taux d'in\u00e9galit\u00e9 parmi les plus \u00e9lev\u00e9s au&nbsp;monde.<br \/>\nLe pays se caract\u00e9rise aussi par une importante population de souche europ\u00e9enne (<em>Afrikaners, Anglo-sud-africains<\/em>) et par d'importantes richesses mini\u00e8res (<em>or, diamant, charbon, etc.<\/em>) qui en ont fait un alli\u00e9 indispensable des pays occidentaux durant la guerre&nbsp;froide.<br \/>\nEn&nbsp;2019, le salaire moyen des Sud-africains blancs est 3,5&nbsp;fois plus \u00e9lev\u00e9 que celui des Sud-africains&nbsp;noirs.<br \/>\nLe ch\u00f4mage frappe 27% de la population\u00a0et \u00e0 cause de la pand\u00e9mie de <em>Covid-19<\/em> le pourcentage du ch\u00f4mage d\u00e9passe 34% au deuxi\u00e8me trimestre de&nbsp;l'ann\u00e9e.<\/p>\n<h3 align=\"center\"><u>Sant\u00e9<\/u><\/h3>\n<p style=\"text-align: justify;\">L'<strong>Apartheid<\/strong> a dot\u00e9 l'<em><strong>Afrique&nbsp;du&nbsp;Sud<\/strong><\/em> d'un syst\u00e8me de sant\u00e9 de renomm\u00e9e mondiale, mais circonscrit aux zones g\u00e9ographiques blanches.<br \/>\nDepuis la fin de l'<strong>Apartheid<\/strong>, la situation s'est d\u00e9t\u00e9rior\u00e9e en raison d'un plan de d\u00e9part de fonctionnaires et m\u00e9decins&nbsp;blancs lanc\u00e9 par le gouvernement et du d\u00e9veloppement de la corruption.<br \/>\nL\u2019esp\u00e9rance de vie a chut\u00e9 de 62&nbsp;ans en&nbsp;1990 \u00e0 51&nbsp;ans en&nbsp;2005, avant de remonter a 60&nbsp;ans en&nbsp;2011.<br \/>\nLe pays a le taux d\u2019incidence du VIH le plus \u00e9lev\u00e9 au monde, avec 5,6&nbsp;millions de citoyens \u2014 plus de 10% de la population \u2014 porteurs du virus.<br \/>\nEn&nbsp;2012, selon l'<em><strong>UNICEF<\/strong><\/em>, 17,9% de la population adulte vit avec le VIH.<br \/>\nL'esp\u00e9rance de vie des hommes est de 56,5&nbsp;ans, celui des femmes de 60,2&nbsp;ans.<br \/>\nLe taux annuel de croissance de la population est de 1,07%, selon les chiffres des statistiques sud-africaines.<br \/>\nLe taux de natalit\u00e9 s'\u00e9l\u00e8ve \u00e0 23,8% en&nbsp;2009.<br \/>\nLe taux de mortalit\u00e9 atteint 16,77% en&nbsp;2001, et 11% en&nbsp;2002, celui de la mortalit\u00e9 infantile 45,70% en&nbsp;2009.<br \/>\nEn&nbsp;2009, le taux de f\u00e9condit\u00e9 \u00e9tait de 2,38&nbsp;enfants\/femme.<\/p>\n<h3 align=\"center\"><u>Tourisme<\/u><\/h3>\n<p style=\"text-align: justify;\">L'<em><strong>Afrique&nbsp;du&nbsp;Sud<\/strong><\/em> conna\u00eet un essor touristique continu.<br \/>\nLa d\u00e9couverte des parcs nationaux et autres r\u00e9serves d'animaux aux excellentes structures d\u2019accueil reste l'un des arguments principaux du s\u00e9jour, mais le pays pr\u00e9sente de nombreux autres attraits.<\/p>\n<\/div><\/div>\n<div class=\"toggle\"><h4>Parc national Kruger<\/h4><div class=\"toggle-content\">\n<p align=\"center\"><img decoding=\"async\" src=\"https:\/\/mondedesylvieetpierre.ca\/voyage\/wp-content\/uploads\/2023\/11\/Kruger_national_park-400x400-1.png\" alt=\"Kruger_national_park-400x400-1\"><\/p>\n<p style=\"text-align: justify;\">Le <em><strong>Parc&nbsp;national&nbsp;Kruger<\/strong><\/em> est la plus grande r\u00e9serve animali\u00e8re d'<em><strong>Afrique&nbsp;du&nbsp;Sud<\/strong><\/em>.<br \/>\nIl couvre pr\u00e8s de 20,000km<sup>2<\/sup>, est long de 350km du nord au sud et large de 60km d'est en ouest, et les animaux circulant en total libert\u00e9, voil\u00e0 ce qui vous garantit que le <em><strong>Parc&nbsp;national&nbsp;Kruger<\/strong><\/em> n\u2019est ni un zoo, ni une petite r\u00e9serves insipide&nbsp;!<br \/>\nLe parc porte le nom de <em><strong>Paul&nbsp;Kruger<\/strong><\/em> (1825-1904), homme d\u2019\u00c9tat boer et pr\u00e9sident de la R\u00e9publique sud-africaine du Transvaal, qui fut \u00e0 l'origine de la cr\u00e9ation de la <em>Sabie&nbsp;Game&nbsp;Reserve<\/em> \u00e0 partir de laquelle fut constitu\u00e9 le parc national en&nbsp;1926.<\/p>\n<p style=\"text-align: justify;\">Le <em><strong>Parc&nbsp;national&nbsp;Kruger<\/strong><\/em> est situ\u00e9 dans le nord-est du pays, dans l'est de l'ancien <em>Transvaal<\/em> (<em>actuels Mpumalanga et Limpopo<\/em>).<br \/>\nIl est bord\u00e9 au nord par le <em>Zimbabwe<\/em> et \u00e0 l'est par le <em>Mozambique<\/em> et il couvre la plus grande partie du bas <em>Veld oriental<\/em>.<\/p>\n<p style=\"text-align: justify;\">Le <em><strong>Parc&nbsp;national&nbsp;Kruger<\/strong><\/em> est aujourd'hui regroup\u00e9 avec le <em><strong>Parc&nbsp;national&nbsp;Gonarezhou<\/strong><\/em> au <em>Zimbabwe<\/em> et avec le <em><strong>Parc&nbsp;national&nbsp;Limpopo<\/strong><\/em> au <em>Mozambique<\/em> dans le grand Parc transfrontalier du <em>Grand&nbsp;Limpopo<\/em>.<br \/>\nIl a \u00e9t\u00e9 \u00e9galement reconnu en tant que r\u00e9serve de biosph\u00e8re par l'<strong>UNESCO<\/strong> en&nbsp;2001.<\/p>\n<h3 align=\"center\"><u>Paul&nbsp;Kruger<\/u><\/h3>\n<p align=\"center\"><img decoding=\"async\" src=\"https:\/\/mondedesylvieetpierre.ca\/voyage\/wp-content\/uploads\/2023\/11\/Paul_Kruger-400x472-1.jpg\" style=\"border-radius:20px;\" alt=\"Paul_Kruger-400x472-1\"><\/p>\n<p style=\"text-align: justify;\"><em><strong>Stephanus&nbsp;Johannes&nbsp;Paulus&nbsp;Kruger<\/strong><\/em> \u00e9tait un homme politique sud-africain.<br \/>\nIl \u00e9tait l\u2019une des figures politiques et militaires dominantes de l\u2019<em><strong>Afrique&nbsp;du&nbsp;Sud<\/strong><\/em> du XIX<sup>e<\/sup>&nbsp;si\u00e8cle et pr\u00e9sident de la R\u00e9publique sud-africaine de 1883 \u00e0&nbsp;1900.<br \/>\nSurnomm\u00e9 <em>Oom&nbsp;Paul<\/em> (\u00ab&nbsp;<em>Oncle&nbsp;Paul<\/em>&nbsp;\u00bb), il s\u2019est fait conna\u00eetre sur la sc\u00e8ne internationale en tant que visage de la cause des <em>Boers<\/em> \u2013 celle du <em>Transvaal<\/em> et de son voisin l\u2019\u00c9tat libre d\u2019<em>Orange<\/em> \u2013 contre la <em>Grande-Bretagne<\/em> pendant la <em>Seconde&nbsp;Guerre&nbsp;des&nbsp;Boers<\/em> de&nbsp;1899-1902.<br \/>\nIl a \u00e9t\u00e9 qualifi\u00e9 de personnification de l\u2019<em>Afrikanerdom<\/em> et reste une figure controvers\u00e9e.<br \/>\nSes admirateurs le v\u00e9n\u00e8rent comme un h\u00e9ros populaire tragique.<\/p>\n<p style=\"text-align: justify;\">Le <em><strong>Parc&nbsp;national&nbsp;Kruger<\/strong><\/em> a \u00e9t\u00e9 cr\u00e9\u00e9 en&nbsp;1896, lorsque le parlement du <em>Transvaal<\/em> a approuv\u00e9 la demande du pr\u00e9sident&nbsp;<em>Kruger<\/em> de cr\u00e9er une petite r\u00e9serve bordant la <em>Sabie&nbsp;River<\/em>.<br \/>\nLe parc porte le nom de <em><strong>Paul&nbsp;Kruger<\/strong><\/em>, homme d\u2019\u00c9tat boer et pr\u00e9sident de la R\u00e9publique sud-africaine du <em>Transvaal<\/em>, qui fut \u00e0 l'origine de la cr\u00e9ation de la <em>Sabie&nbsp;Game&nbsp;Reserve<\/em> \u00e0 partir de laquelle fut constitu\u00e9 le parc national en&nbsp;1926.<br \/>\nEn 1926, l\u2019administration britannique rebaptisa officiellement la r\u00e9serve d\u2019apr\u00e8s <em><strong>Paul&nbsp;Kruger<\/strong><\/em>, et elle la d\u00e9clara le premier parc national de l\u2019<em><strong>Afrique&nbsp;du&nbsp;Sud<\/strong><\/em>.<br \/>\nLe <em><strong>Parc&nbsp;national&nbsp;Kruger<\/strong><\/em> fut ouvert au public en 1927.<\/p>\n<\/div><\/div>\n<\/div><\/div>\n\t\t\t\t\t\t<\/div>\n\t\t\t\t\t<\/div>\n\t\t<\/div>\n\t\t\t\t<div class=\"elementor-column elementor-col-33 elementor-top-column elementor-element elementor-element-3516db58\" data-id=\"3516db58\" data-element_type=\"column\" data-e-type=\"column\">\n\t\t\t<div class=\"elementor-widget-wrap\">\n\t\t\t\t\t\t\t<\/div>\n\t\t<\/div>\n\t\t\t\t\t<\/div>\n\t\t<\/section>\n\t\t\t\t<section class=\"elementor-section elementor-top-section elementor-element elementor-element-343d7ee0 elementor-section-boxed elementor-section-height-default elementor-section-height-default\" data-id=\"343d7ee0\" data-element_type=\"section\" data-e-type=\"section\">\n\t\t\t\t\t\t<div class=\"elementor-container elementor-column-gap-default\">\n\t\t\t\t\t<div class=\"elementor-column elementor-col-100 elementor-top-column elementor-element elementor-element-69a8d8b8\" data-id=\"69a8d8b8\" data-element_type=\"column\" data-e-type=\"column\">\n\t\t\t<div class=\"elementor-widget-wrap elementor-element-populated\">\n\t\t\t\t\t\t<div class=\"elementor-element elementor-element-4e4734b3 elementor-widget-divider--view-line_text elementor-widget-divider--element-align-center elementor-widget elementor-widget-divider\" data-id=\"4e4734b3\" data-element_type=\"widget\" data-e-type=\"widget\" data-widget_type=\"divider.default\">\n\t\t\t\t\t\t\t<div class=\"elementor-divider\">\n\t\t\t<span class=\"elementor-divider-separator\">\n\t\t\t\t\t\t\t<span class=\"elementor-divider__text elementor-divider__element\">\n\t\t\t\tItin\u00e9raire de l'Afrique du Sud\t\t\t\t<\/span>\n\t\t\t\t\t\t<\/span>\n\t\t<\/div>\n\t\t\t\t\t\t<\/div>\n\t\t\t\t\t<\/div>\n\t\t<\/div>\n\t\t\t\t\t<\/div>\n\t\t<\/section>\n\t\t\t\t<section class=\"elementor-section elementor-top-section elementor-element elementor-element-2839a202 elementor-section-boxed elementor-section-height-default elementor-section-height-default\" data-id=\"2839a202\" data-element_type=\"section\" data-e-type=\"section\">\n\t\t\t\t\t\t<div class=\"elementor-container elementor-column-gap-default\">\n\t\t\t\t\t<div class=\"elementor-column elementor-col-100 elementor-top-column elementor-element elementor-element-79b8eef7\" data-id=\"79b8eef7\" data-element_type=\"column\" data-e-type=\"column\">\n\t\t\t<div class=\"elementor-widget-wrap elementor-element-populated\">\n\t\t\t\t\t\t<div class=\"elementor-element elementor-element-edbd7bc elementor-widget elementor-widget-image\" data-id=\"edbd7bc\" data-element_type=\"widget\" data-e-type=\"widget\" data-widget_type=\"image.default\">\n\t\t\t\t\t\t\t\t\t\t\t\t<figure class=\"wp-caption\">\n\t\t\t\t\t\t\t\t\t\t\t<a href=\"https:\/\/mondedesylvieetpierre.ca\/voyage\/wp-content\/uploads\/2023\/11\/Itineraire-Afrique-du-Sud-880x847-1.png\" data-elementor-open-lightbox=\"yes\" data-elementor-lightbox-title=\"Itin\u00e9raire Afrique du Sud 880x847\" data-e-action-hash=\"#elementor-action%3Aaction%3Dlightbox%26settings%3DeyJpZCI6NDEyODIsInVybCI6Imh0dHBzOlwvXC9tb25kZWRlc3lsdmllZXRwaWVycmUuY2FcL3ZveWFnZVwvd3AtY29udGVudFwvdXBsb2Fkc1wvMjAyM1wvMTFcL0l0aW5lcmFpcmUtQWZyaXF1ZS1kdS1TdWQtODgweDg0Ny0xLnBuZyJ9\">\n\t\t\t\t\t\t\t<img decoding=\"async\" src=\"https:\/\/mondedesylvieetpierre.ca\/voyage\/wp-content\/uploads\/elementor\/thumbs\/Itineraire-Afrique-du-Sud-880x847-1-qf66yce5twjdi311c0t3fotu6368h2y4353nmde7q8.png\" title=\"Itin\u00e9raire Afrique du Sud 880&#215;847\" alt=\"Itin\u00e9raire Afrique du Sud 880x847\" loading=\"lazy\" \/>\t\t\t\t\t\t\t\t<\/a>\n\t\t\t\t\t\t\t\t\t\t\t<figcaption class=\"widget-image-caption wp-caption-text\">Carte de l'Afrique du Sud<\/figcaption>\n\t\t\t\t\t\t\t\t\t\t<\/figure>\n\t\t\t\t\t\t\t\t\t<\/div>\n\t\t\t\t\t<\/div>\n\t\t<\/div>\n\t\t\t\t\t<\/div>\n\t\t<\/section>\n\t\t\t\t<section class=\"elementor-section elementor-top-section elementor-element elementor-element-2fa7b3bc elementor-section-boxed elementor-section-height-default elementor-section-height-default\" data-id=\"2fa7b3bc\" data-element_type=\"section\" data-e-type=\"section\">\n\t\t\t\t\t\t<div class=\"elementor-container elementor-column-gap-default\">\n\t\t\t\t\t<div class=\"elementor-column elementor-col-100 elementor-top-column elementor-element elementor-element-4568a644\" data-id=\"4568a644\" data-element_type=\"column\" data-e-type=\"column\">\n\t\t\t<div class=\"elementor-widget-wrap elementor-element-populated\">\n\t\t\t\t\t\t<div class=\"elementor-element elementor-element-51e5d60f elementor-widget-divider--view-line_text elementor-widget-divider--element-align-center elementor-widget elementor-widget-divider\" data-id=\"51e5d60f\" data-element_type=\"widget\" data-e-type=\"widget\" data-widget_type=\"divider.default\">\n\t\t\t\t\t\t\t<div class=\"elementor-divider\">\n\t\t\t<span class=\"elementor-divider-separator\">\n\t\t\t\t\t\t\t<span class=\"elementor-divider__text elementor-divider__element\">\n\t\t\t\tGoogle Map de l'Afrique du Sud\t\t\t\t<\/span>\n\t\t\t\t\t\t<\/span>\n\t\t<\/div>\n\t\t\t\t\t\t<\/div>\n\t\t\t\t\t<\/div>\n\t\t<\/div>\n\t\t\t\t\t<\/div>\n\t\t<\/section>\n\t\t\t\t<section class=\"elementor-section elementor-top-section elementor-element elementor-element-294ed4b5 elementor-section-boxed elementor-section-height-default elementor-section-height-default\" data-id=\"294ed4b5\" data-element_type=\"section\" data-e-type=\"section\">\n\t\t\t\t\t\t<div class=\"elementor-container elementor-column-gap-default\">\n\t\t\t\t\t<div class=\"elementor-column elementor-col-100 elementor-top-column elementor-element elementor-element-393fe41\" data-id=\"393fe41\" data-element_type=\"column\" data-e-type=\"column\">\n\t\t\t<div class=\"elementor-widget-wrap elementor-element-populated\">\n\t\t\t\t\t\t<div class=\"elementor-element elementor-element-6e91e36f elementor-widget elementor-widget-google_maps\" data-id=\"6e91e36f\" data-element_type=\"widget\" data-e-type=\"widget\" data-widget_type=\"google_maps.default\">\n\t\t\t\t\t\t\t<div class=\"elementor-custom-embed\">\n\t\t\t<iframe loading=\"lazy\"\n\t\t\t\t\tsrc=\"https:\/\/maps.google.com\/maps?q=Afrique%20du%20Sud&#038;t=m&#038;z=6&#038;output=embed&#038;iwloc=near\"\n\t\t\t\t\ttitle=\"Afrique du Sud\"\n\t\t\t\t\taria-label=\"Afrique du Sud\"\n\t\t\t><\/iframe>\n\t\t<\/div>\n\t\t\t\t\t\t<\/div>\n\t\t\t\t\t<\/div>\n\t\t<\/div>\n\t\t\t\t\t<\/div>\n\t\t<\/section>\n\t\t\t\t<section class=\"elementor-section elementor-top-section elementor-element elementor-element-400a5896 elementor-section-boxed elementor-section-height-default elementor-section-height-default\" data-id=\"400a5896\" data-element_type=\"section\" data-e-type=\"section\">\n\t\t\t\t\t\t<div class=\"elementor-container elementor-column-gap-default\">\n\t\t\t\t\t<div class=\"elementor-column elementor-col-100 elementor-top-column elementor-element elementor-element-6ce5a32e\" data-id=\"6ce5a32e\" data-element_type=\"column\" data-e-type=\"column\">\n\t\t\t<div class=\"elementor-widget-wrap elementor-element-populated\">\n\t\t\t\t\t\t<div class=\"elementor-element elementor-element-4eddc405 elementor-widget-divider--view-line_text elementor-widget-divider--element-align-center elementor-widget elementor-widget-divider\" data-id=\"4eddc405\" data-element_type=\"widget\" data-e-type=\"widget\" data-widget_type=\"divider.default\">\n\t\t\t\t\t\t\t<div class=\"elementor-divider\">\n\t\t\t<span class=\"elementor-divider-separator\">\n\t\t\t\t\t\t\t<span class=\"elementor-divider__text elementor-divider__element\">\n\t\t\t\tLecteur audio\t\t\t\t<\/span>\n\t\t\t\t\t\t<\/span>\n\t\t<\/div>\n\t\t\t\t\t\t<\/div>\n\t\t\t\t\t<\/div>\n\t\t<\/div>\n\t\t\t\t\t<\/div>\n\t\t<\/section>\n\t\t\t\t<section class=\"elementor-section elementor-top-section elementor-element elementor-element-27401d45 elementor-section-boxed elementor-section-height-default elementor-section-height-default\" data-id=\"27401d45\" data-element_type=\"section\" data-e-type=\"section\">\n\t\t\t\t\t\t<div class=\"elementor-container elementor-column-gap-default\">\n\t\t\t\t\t<div class=\"elementor-column elementor-col-100 elementor-top-column elementor-element elementor-element-11ce98cb\" data-id=\"11ce98cb\" data-element_type=\"column\" data-e-type=\"column\">\n\t\t\t<div class=\"elementor-widget-wrap elementor-element-populated\">\n\t\t\t\t\t\t<div class=\"elementor-element elementor-element-1b432a5d elementor-widget elementor-widget-shortcode\" data-id=\"1b432a5d\" data-element_type=\"widget\" data-e-type=\"widget\" data-widget_type=\"shortcode.default\">\n\t\t\t\t\t\t\t<div class=\"elementor-shortcode\"><div style=\"text-align: center;\"><div id=\"mp3jWrap_0\" class=\"mjp-s-wrapper s-graphic unsel-mjp outline verdana-mjp\" style=\"font-size:14px;\"><span id=\"playpause_wrap_mp3j_0\" class=\"wrap_inline_mp3j\" style=\"font-weight:700;\"><span class=\"gfxbutton_mp3j play-mjp\" id=\"playpause_mp3j_0\" style=\"font-size:14px;\">&nbsp;&nbsp;&nbsp;&nbsp;&nbsp;<\/span>&nbsp;<span class=\"group_wrap\"><span class=\"bars_mp3j\"><span class=\"loadB_mp3j\" id=\"load_mp3j_0\"><\/span><span class=\"posbarB_mp3j\" id=\"posbar_mp3j_0\"><\/span><\/span><span class=\"T_mp3j\" id=\"T_mp3j_0\" style=\"font-size:14px;\">The Lion King<\/span><span class=\"indi_mp3j\" style=\"font-size:9.8px;\" id=\"statusMI_0\"><\/span><\/span><span class=\"vol_mp3j flipped\" id=\"vol_mp3j_0\"><\/span><\/span><\/div><span class=\"s-nosolution\" id=\"mp3j_nosolution_0\" style=\"display:none;\"><\/span><script>\nMP3jPLAYLISTS.inline_0 = [\n\t{ name: \"The Lion King.mp3\", formats: [\"mp3\"], mp3: \"aHR0cHM6Ly9tb25kZWRlc3lsdmllZXRwaWVycmUuY2Evdm95YWdlL2F1ZGlvL1RoZSBMaW9uIEtpbmcubXAz\", counterpart:\"\", artist: \"\", image: \"\", imgurl: \"\" }\n];\n<\/script>\n\n<script>MP3jPLAYERS[0] = { list: MP3jPLAYLISTS.inline_0, tr:0, type:'single', lstate:'', loop:false, play_txt:'&nbsp;&nbsp;&nbsp;&nbsp;&nbsp;', pause_txt:'&nbsp;&nbsp;&nbsp;&nbsp;&nbsp;', pp_title:'', autoplay:true, download:false, vol:100, height:'' };<\/script><\/div><\/div>\n\t\t\t\t\t\t<\/div>\n\t\t\t\t\t<\/div>\n\t\t<\/div>\n\t\t\t\t\t<\/div>\n\t\t<\/section>\n\t\t\t\t<section class=\"elementor-section elementor-top-section elementor-element elementor-element-7f51abcb elementor-section-boxed elementor-section-height-default elementor-section-height-default\" data-id=\"7f51abcb\" data-element_type=\"section\" data-e-type=\"section\">\n\t\t\t\t\t\t<div class=\"elementor-container elementor-column-gap-default\">\n\t\t\t\t\t<div class=\"elementor-column elementor-col-100 elementor-top-column elementor-element elementor-element-3b548dc8\" data-id=\"3b548dc8\" data-element_type=\"column\" data-e-type=\"column\">\n\t\t\t<div class=\"elementor-widget-wrap elementor-element-populated\">\n\t\t\t\t\t\t<div class=\"elementor-element elementor-element-374c28d9 elementor-widget elementor-widget-image\" data-id=\"374c28d9\" data-element_type=\"widget\" data-e-type=\"widget\" data-widget_type=\"image.default\">\n\t\t\t\t\t\t\t\t\t\t\t\t\t\t\t<img loading=\"lazy\" decoding=\"async\" width=\"350\" height=\"68\" src=\"https:\/\/mondedesylvieetpierre.ca\/voyage\/wp-content\/uploads\/2021\/07\/Divider_note_350x68.png\" class=\"attachment-pixelwars_theme_image_size_nullx500 size-pixelwars_theme_image_size_nullx500 wp-image-17963\" alt=\"\" srcset=\"https:\/\/mondedesylvieetpierre.ca\/voyage\/wp-content\/uploads\/2021\/07\/Divider_note_350x68.png 350w, https:\/\/mondedesylvieetpierre.ca\/voyage\/wp-content\/uploads\/2021\/07\/Divider_note_350x68-300x58.png 300w\" sizes=\"(max-width: 350px) 100vw, 350px\" \/>\t\t\t\t\t\t\t\t\t\t\t\t\t\t\t<\/div>\n\t\t\t\t\t<\/div>\n\t\t<\/div>\n\t\t\t\t\t<\/div>\n\t\t<\/section>\n\t\t\t\t<section class=\"elementor-section elementor-top-section elementor-element elementor-element-72b32016 elementor-section-boxed elementor-section-height-default elementor-section-height-default\" data-id=\"72b32016\" data-element_type=\"section\" data-e-type=\"section\">\n\t\t\t\t\t\t<div class=\"elementor-container elementor-column-gap-default\">\n\t\t\t\t\t<div class=\"elementor-column elementor-col-100 elementor-top-column elementor-element elementor-element-25b34636\" data-id=\"25b34636\" data-element_type=\"column\" data-e-type=\"column\">\n\t\t\t<div class=\"elementor-widget-wrap elementor-element-populated\">\n\t\t\t\t\t\t<div class=\"elementor-element elementor-element-48a9e5e8 elementor-widget-divider--view-line_text elementor-widget-divider--element-align-center elementor-widget elementor-widget-divider\" data-id=\"48a9e5e8\" data-element_type=\"widget\" data-e-type=\"widget\" data-widget_type=\"divider.default\">\n\t\t\t\t\t\t\t<div class=\"elementor-divider\">\n\t\t\t<span class=\"elementor-divider-separator\">\n\t\t\t\t\t\t\t<span class=\"elementor-divider__text elementor-divider__element\">\n\t\t\t\tPartager ce voyage\t\t\t\t<\/span>\n\t\t\t\t\t\t<\/span>\n\t\t<\/div>\n\t\t\t\t\t\t<\/div>\n\t\t\t\t\t<\/div>\n\t\t<\/div>\n\t\t\t\t\t<\/div>\n\t\t<\/section>\n\t\t\t\t<section class=\"elementor-section elementor-top-section elementor-element elementor-element-192ccde7 elementor-section-boxed elementor-section-height-default elementor-section-height-default\" data-id=\"192ccde7\" data-element_type=\"section\" data-e-type=\"section\">\n\t\t\t\t\t\t<div class=\"elementor-container elementor-column-gap-default\">\n\t\t\t\t\t<div class=\"elementor-column elementor-col-100 elementor-top-column elementor-element elementor-element-19bf11aa\" data-id=\"19bf11aa\" data-element_type=\"column\" data-e-type=\"column\">\n\t\t\t<div class=\"elementor-widget-wrap elementor-element-populated\">\n\t\t\t\t\t\t<div class=\"elementor-element elementor-element-5d85b5b5 elementor-widget elementor-widget-shortcode\" data-id=\"5d85b5b5\" data-element_type=\"widget\" data-e-type=\"widget\" data-widget_type=\"shortcode.default\">\n\t\t\t\t\t\t\t<div class=\"elementor-shortcode\"><div class=\"share-links\">\n\t<h3><span style=\"color: #999999;\">Partager ce voyage&nbsp;:<\/span> S\u00e9jour Afrique du Sud et Royaume d\u2019Eswatini en 2023<\/h3>\t\n\t<div class=\"share-links-wrap\">\n\t\t<a rel=\"nofollow\" target=\"_blank\" href=\"mailto:?subject=Je voulais que vous voyez ce voyage&amp;body=Consultez ce voyage : S\u00e9jour en Afrique du Sud et Royaume d\u2019Eswatini en 2023 - https:\/\/mondedesylvieetpierre.ca\/voyage\/?p=41236\" title=\"Envoyez ce voyage \u00e0 un ami\"><i class=\"pw-icon-mail\"><\/i><\/a>\t\t\n\t\t<a rel=\"nofollow\" target=\"_blank\" href=\"https:\/\/plus.google.com\/share?url=https:\/\/mondedesylvieetpierre.ca\/voyage\/?p=41236\" title=\"Partager sur Google+\"><i class=\"pw-icon-gplus\"><\/i><\/a>\t\t\n\t\t<a rel=\"nofollow\" target=\"_blank\" href=\"http:\/\/twitter.com\/home?status=En train de lire: 'S\u00e9jour en Afrique du Sud et Royaume d\u2019Eswatini en 2023' https:\/\/mondedesylvieetpierre.ca\/voyage\/?p=41236\" title=\"\ufeffPartager ce voyage avec vos amis !\"><i class=\"pw-icon-twitter\"><\/i><\/a>\t\t\n\t\t<a rel=\"nofollow\" target=\"_blank\" href=\"http:\/\/www.facebook.com\/sharer.php?u=https:\/\/mondedesylvieetpierre.ca\/voyage\/?p=41236&amp;t=S\u00e9jour en Afrique du Sud et Royaume d\u2019Eswatini en 2023\" title=\"Partager ce voyage sur Facebook\"><i class=\"pw-icon-facebook\"><\/i><\/a>\n\t<\/div>\n<\/div><\/div>\n\t\t\t\t\t\t<\/div>\n\t\t\t\t\t<\/div>\n\t\t<\/div>\n\t\t\t\t\t<\/div>\n\t\t<\/section>\n\t\t\t\t<section class=\"elementor-section elementor-top-section elementor-element elementor-element-22cb3c0d elementor-section-boxed elementor-section-height-default elementor-section-height-default\" data-id=\"22cb3c0d\" data-element_type=\"section\" data-e-type=\"section\">\n\t\t\t\t\t\t<div class=\"elementor-container elementor-column-gap-default\">\n\t\t\t\t\t<div class=\"elementor-column elementor-col-100 elementor-top-column elementor-element elementor-element-20bfc47f\" data-id=\"20bfc47f\" data-element_type=\"column\" data-e-type=\"column\">\n\t\t\t<div class=\"elementor-widget-wrap elementor-element-populated\">\n\t\t\t\t\t\t<div class=\"elementor-element elementor-element-43a2d3cb elementor-widget-divider--view-line_text elementor-widget-divider--element-align-center elementor-widget elementor-widget-divider\" data-id=\"43a2d3cb\" data-element_type=\"widget\" data-e-type=\"widget\" data-widget_type=\"divider.default\">\n\t\t\t\t\t\t\t<div class=\"elementor-divider\">\n\t\t\t<span class=\"elementor-divider-separator\">\n\t\t\t\t\t\t\t<span class=\"elementor-divider__text elementor-divider__element\">\n\t\t\t\tVoir d'autres voyages\t\t\t\t<\/span>\n\t\t\t\t\t\t<\/span>\n\t\t<\/div>\n\t\t\t\t\t\t<\/div>\n\t\t\t\t\t<\/div>\n\t\t<\/div>\n\t\t\t\t\t<\/div>\n\t\t<\/section>\n\t\t\t\t<section class=\"elementor-section elementor-top-section elementor-element elementor-element-5ba1de55 elementor-section-boxed elementor-section-height-default elementor-section-height-default\" data-id=\"5ba1de55\" data-element_type=\"section\" data-e-type=\"section\">\n\t\t\t\t\t\t<div class=\"elementor-container elementor-column-gap-default\">\n\t\t\t\t\t<div class=\"elementor-column elementor-col-25 elementor-top-column elementor-element elementor-element-3c6f2691\" data-id=\"3c6f2691\" data-element_type=\"column\" data-e-type=\"column\">\n\t\t\t<div class=\"elementor-widget-wrap elementor-element-populated\">\n\t\t\t\t\t\t<div class=\"elementor-element elementor-element-0e80f22 elementor-view-default elementor-widget elementor-widget-icon\" data-id=\"0e80f22\" data-element_type=\"widget\" data-e-type=\"widget\" data-widget_type=\"icon.default\">\n\t\t\t\t\t\t\t<div class=\"elementor-icon-wrapper\">\n\t\t\t<a class=\"elementor-icon\" href=\"https:\/\/mondedesylvieetpierre.ca\/voyage\/?p=43154\">\n\t\t\t<svg aria-hidden=\"true\" class=\"e-font-icon-svg e-far-caret-square-left\" viewBox=\"0 0 448 512\" xmlns=\"http:\/\/www.w3.org\/2000\/svg\"><path d=\"M272 157.1v197.8c0 10.7-13 16.1-20.5 8.5l-98.3-98.9c-4.7-4.7-4.7-12.2 0-16.9l98.3-98.9c7.5-7.7 20.5-2.3 20.5 8.4zM448 80v352c0 26.5-21.5 48-48 48H48c-26.5 0-48-21.5-48-48V80c0-26.5 21.5-48 48-48h352c26.5 0 48 21.5 48 48zm-48 346V86c0-3.3-2.7-6-6-6H54c-3.3 0-6 2.7-6 6v340c0 3.3 2.7 6 6 6h340c3.3 0 6-2.7 6-6z\"><\/path><\/svg>\t\t\t<\/a>\n\t\t<\/div>\n\t\t\t\t\t\t<\/div>\n\t\t\t\t\t<\/div>\n\t\t<\/div>\n\t\t\t\t<div class=\"elementor-column elementor-col-25 elementor-top-column elementor-element elementor-element-7814c25d\" data-id=\"7814c25d\" data-element_type=\"column\" data-e-type=\"column\">\n\t\t\t<div class=\"elementor-widget-wrap elementor-element-populated\">\n\t\t\t\t\t\t<div class=\"elementor-element elementor-element-6669e58 elementor-widget elementor-widget-heading\" data-id=\"6669e58\" data-element_type=\"widget\" data-e-type=\"widget\" data-widget_type=\"heading.default\">\n\t\t\t\t\t<h2 class=\"elementor-heading-title elementor-size-medium\">Croisi\u00e8re Antilles Hollandaises en 2024<\/h2>\t\t\t\t<\/div>\n\t\t\t\t\t<\/div>\n\t\t<\/div>\n\t\t\t\t<div class=\"elementor-column elementor-col-25 elementor-top-column elementor-element elementor-element-6bdb04cf\" data-id=\"6bdb04cf\" data-element_type=\"column\" data-e-type=\"column\">\n\t\t\t<div class=\"elementor-widget-wrap elementor-element-populated\">\n\t\t\t\t\t\t<div class=\"elementor-element elementor-element-3990b6a9 elementor-widget elementor-widget-heading\" data-id=\"3990b6a9\" data-element_type=\"widget\" data-e-type=\"widget\" data-widget_type=\"heading.default\">\n\t\t\t\t\t<h2 class=\"elementor-heading-title elementor-size-medium\">Croisi\u00e8re M\u00e9diterran\u00e9e et Adriatique 2023<\/h2>\t\t\t\t<\/div>\n\t\t\t\t\t<\/div>\n\t\t<\/div>\n\t\t\t\t<div class=\"elementor-column elementor-col-25 elementor-top-column elementor-element elementor-element-5487e72a\" data-id=\"5487e72a\" data-element_type=\"column\" data-e-type=\"column\">\n\t\t\t<div class=\"elementor-widget-wrap elementor-element-populated\">\n\t\t\t\t\t\t<div class=\"elementor-element elementor-element-69b11bd5 elementor-view-default elementor-widget elementor-widget-icon\" data-id=\"69b11bd5\" data-element_type=\"widget\" data-e-type=\"widget\" data-widget_type=\"icon.default\">\n\t\t\t\t\t\t\t<div class=\"elementor-icon-wrapper\">\n\t\t\t<a class=\"elementor-icon\" href=\"https:\/\/mondedesylvieetpierre.ca\/voyage\/?p=40547\">\n\t\t\t<svg aria-hidden=\"true\" class=\"e-font-icon-svg e-far-caret-square-right\" viewBox=\"0 0 448 512\" xmlns=\"http:\/\/www.w3.org\/2000\/svg\"><path d=\"M176 354.9V157.1c0-10.7 13-16.1 20.5-8.5l98.3 98.9c4.7 4.7 4.7 12.2 0 16.9l-98.3 98.9c-7.5 7.7-20.5 2.3-20.5-8.4zM448 80v352c0 26.5-21.5 48-48 48H48c-26.5 0-48-21.5-48-48V80c0-26.5 21.5-48 48-48h352c26.5 0 48 21.5 48 48zm-48 346V86c0-3.3-2.7-6-6-6H54c-3.3 0-6 2.7-6 6v340c0 3.3 2.7 6 6 6h340c3.3 0 6-2.7 6-6z\"><\/path><\/svg>\t\t\t<\/a>\n\t\t<\/div>\n\t\t\t\t\t\t<\/div>\n\t\t\t\t\t<\/div>\n\t\t<\/div>\n\t\t\t\t\t<\/div>\n\t\t<\/section>\n\t\t\t\t<\/div>\n\t\t","protected":false},"excerpt":{"rendered":"<p>Notre s\u00e9jour en Afrique du Sud avec Objectif Monde d&rsquo;un groupe de 35 personnes d&rsquo;une dur\u00e9e de 15 jours du 18 octobre au 1 novembre 2023.<\/p>\n","protected":false},"author":1,"featured_media":0,"comment_status":"closed","ping_status":"closed","sticky":false,"template":"elementor_header_footer","format":"standard","meta":{"footnotes":""},"categories":[209],"tags":[],"class_list":["post-41236","post","type-post","status-publish","format-standard","hentry","category-afrique_du_sud_2023"],"_links":{"self":[{"href":"https:\/\/mondedesylvieetpierre.ca\/voyage\/index.php?rest_route=\/wp\/v2\/posts\/41236","targetHints":{"allow":["GET"]}}],"collection":[{"href":"https:\/\/mondedesylvieetpierre.ca\/voyage\/index.php?rest_route=\/wp\/v2\/posts"}],"about":[{"href":"https:\/\/mondedesylvieetpierre.ca\/voyage\/index.php?rest_route=\/wp\/v2\/types\/post"}],"author":[{"embeddable":true,"href":"https:\/\/mondedesylvieetpierre.ca\/voyage\/index.php?rest_route=\/wp\/v2\/users\/1"}],"replies":[{"embeddable":true,"href":"https:\/\/mondedesylvieetpierre.ca\/voyage\/index.php?rest_route=%2Fwp%2Fv2%2Fcomments&post=41236"}],"version-history":[{"count":0,"href":"https:\/\/mondedesylvieetpierre.ca\/voyage\/index.php?rest_route=\/wp\/v2\/posts\/41236\/revisions"}],"wp:attachment":[{"href":"https:\/\/mondedesylvieetpierre.ca\/voyage\/index.php?rest_route=%2Fwp%2Fv2%2Fmedia&parent=41236"}],"wp:term":[{"taxonomy":"category","embeddable":true,"href":"https:\/\/mondedesylvieetpierre.ca\/voyage\/index.php?rest_route=%2Fwp%2Fv2%2Fcategories&post=41236"},{"taxonomy":"post_tag","embeddable":true,"href":"https:\/\/mondedesylvieetpierre.ca\/voyage\/index.php?rest_route=%2Fwp%2Fv2%2Ftags&post=41236"}],"curies":[{"name":"wp","href":"https:\/\/api.w.org\/{rel}","templated":true}]}}