{"id":44363,"date":"2025-03-25T07:47:26","date_gmt":"2025-03-25T12:47:26","guid":{"rendered":"https:\/\/mondedesylvieetpierre.ca\/voyage\/?p=44363"},"modified":"2025-06-02T09:56:25","modified_gmt":"2025-06-02T14:56:25","slug":"croisiere-caraibes-du-sud-amazonie-en-2025","status":"publish","type":"post","link":"https:\/\/mondedesylvieetpierre.ca\/voyage\/?p=44363","title":{"rendered":"Croisi\u00e8re Cara\u00efbes + Exploration de l&rsquo;Amazone en 2025"},"content":{"rendered":"\t\t<div data-elementor-type=\"wp-post\" data-elementor-id=\"44363\" class=\"elementor elementor-44363\" data-elementor-post-type=\"post\">\n\t\t\t\t\t\t<section class=\"elementor-section elementor-top-section elementor-element elementor-element-4b979fd0 elementor-section-boxed elementor-section-height-default elementor-section-height-default\" data-id=\"4b979fd0\" data-element_type=\"section\" data-e-type=\"section\">\n\t\t\t\t\t\t<div class=\"elementor-container elementor-column-gap-default\">\n\t\t\t\t\t<div class=\"elementor-column elementor-col-100 elementor-top-column elementor-element elementor-element-ad37dcd\" data-id=\"ad37dcd\" data-element_type=\"column\" data-e-type=\"column\">\n\t\t\t<div class=\"elementor-widget-wrap elementor-element-populated\">\n\t\t\t\t\t\t<div class=\"elementor-element elementor-element-466be7dd elementor-widget elementor-widget-heading\" data-id=\"466be7dd\" data-element_type=\"widget\" data-e-type=\"widget\" data-widget_type=\"heading.default\">\n\t\t\t\t\t<h2 class=\"elementor-heading-title elementor-size-large\">Croisi\u00e8re Cara\u00efbes +<br \/>\nExploration de l'Amazone<br \/>\nen 2025<\/h2>\t\t\t\t<\/div>\n\t\t\t\t\t<\/div>\n\t\t<\/div>\n\t\t\t\t\t<\/div>\n\t\t<\/section>\n\t\t<div class=\"elementor-element elementor-element-1fe0db9 e-flex e-con-boxed e-con e-parent\" data-id=\"1fe0db9\" data-element_type=\"container\" data-e-type=\"container\">\n\t\t\t\t\t<div class=\"e-con-inner\">\n\t\t\t\t<div class=\"elementor-element elementor-element-2251ce9 elementor-widget elementor-widget-image\" data-id=\"2251ce9\" data-element_type=\"widget\" data-e-type=\"widget\" data-widget_type=\"image.default\">\n\t\t\t\t\t\t\t\t\t\t\t\t\t\t\t<img decoding=\"async\" width=\"932\" height=\"50\" src=\"https:\/\/mondedesylvieetpierre.ca\/voyage\/wp-content\/uploads\/2016\/12\/Cruise_liner.png\" class=\"attachment-pixelwars_theme_image_size_nullx500 size-pixelwars_theme_image_size_nullx500 wp-image-12225\" alt=\"\" srcset=\"https:\/\/mondedesylvieetpierre.ca\/voyage\/wp-content\/uploads\/2016\/12\/Cruise_liner.png 932w, https:\/\/mondedesylvieetpierre.ca\/voyage\/wp-content\/uploads\/2016\/12\/Cruise_liner-300x16.png 300w, https:\/\/mondedesylvieetpierre.ca\/voyage\/wp-content\/uploads\/2016\/12\/Cruise_liner-768x41.png 768w\" sizes=\"(max-width: 932px) 100vw, 932px\" \/>\t\t\t\t\t\t\t\t\t\t\t\t\t\t\t<\/div>\n\t\t\t\t\t<\/div>\n\t\t\t\t<\/div>\n\t\t<div class=\"elementor-element elementor-element-5f9a131 e-flex e-con-boxed e-con e-parent\" data-id=\"5f9a131\" data-element_type=\"container\" data-e-type=\"container\">\n\t\t\t\t\t<div class=\"e-con-inner\">\n\t\t<div class=\"elementor-element elementor-element-f1ae080 e-con-full e-flex e-con e-child\" data-id=\"f1ae080\" data-element_type=\"container\" data-e-type=\"container\">\n\t\t\t\t<div class=\"elementor-element elementor-element-82fe410 elementor-widget elementor-widget-text-editor\" data-id=\"82fe410\" data-element_type=\"widget\" data-e-type=\"widget\" data-widget_type=\"text-editor.default\">\n\t\t\t\t\t\t\t\t\t<table border=\"0\" width=\"100%\" cellspacing=\"10\" align=\"center\">\n<tbody>\n<tr>\n<th class=\"menugroslettre\" colspan=\"2\" scope=\"col\" width=\"90%\">MENU DE LA CROISI\u00c8RE CARA&Iuml;BES + EXPLORATION DE L&rsquo;AMAZONE<br \/>\nDU 8 F\u00c9VRIER AU 7 MARS 2025<\/th>\n<\/tr>\n<tr>\n<th width=\"90%\" colspan=\"2\" align=\"center\"><span style=\"text-transform: none;\"><strong>\u00c0&nbsp;SAVOIR&nbsp;: <\/strong>Dans le menu, les textes en caract\u00e8re noir, non pas de page.<\/span><\/th>\n<\/tr>\n<\/tbody>\n<\/table>\t\t\t\t\t\t\t\t<\/div>\n\t\t\t\t<\/div>\n\t\t\t\t\t<\/div>\n\t\t\t\t<\/div>\n\t\t<div class=\"elementor-element elementor-element-c2ac3e3 e-grid e-con-boxed e-con e-parent\" data-id=\"c2ac3e3\" data-element_type=\"container\" data-e-type=\"container\">\n\t\t\t\t\t<div class=\"e-con-inner\">\n\t\t\t\t<div class=\"elementor-element elementor-element-c38247d elementor-widget elementor-widget-heading\" data-id=\"c38247d\" data-element_type=\"widget\" data-e-type=\"widget\" data-widget_type=\"heading.default\">\n\t\t\t\t\t<h4 class=\"elementor-heading-title elementor-size-default\"><ul style=\"list-style-type: none;border-left: 5px solid #e4087e;background: #f2f2f2;padding-top: 20px;padding-bottom: 20px\">\n    <li><span style=\"color:#a9a9a9\">\u21d2&nbsp;<\/span>8 f\u00e9vrier \u2500 Port maritime de Miami (\u00c9.U)<\/li>\n    <li><span style=\"color:#a9a9a9\">\u21d2&nbsp;<\/span>9 et 10 f\u00e9vrier \u2500 [En mer]<\/li>\n    <li><span style=\"color:#a9a9a9\">\u21d2&nbsp;<\/span><a href=\"https:\/\/mondedesylvieetpierre.ca\/voyage\/?page_id=44899\">11 f\u00e9vrier \u2500 Philipsburg (Saint-Martin)<\/a><\/li>\n    <li><span style=\"color:#a9a9a9\">\u21d2&nbsp;<\/span><a href=\"https:\/\/mondedesylvieetpierre.ca\/voyage\/?page_id=44518\">12 f\u00e9vrier \u2500 Castries (Sainte-Lucie)<\/a><\/li>\n    <li><span style=\"color:#a9a9a9\">\u21d2&nbsp;<\/span><a href=\"https:\/\/mondedesylvieetpierre.ca\/voyage\/?page_id=44571\">13 f\u00e9vrier \u2500 Scarborough (Trinit\u00e9-et-Tobago)<\/a><\/li>\n    <li><span style=\"color:#a9a9a9\">\u21d2&nbsp;<\/span>14 au 16 f\u00e9vrier \u2500 [En mer]<\/li>\n    <li><span style=\"color:#a9a9a9\">\u21d2&nbsp;<\/span><a href=\"https:\/\/mondedesylvieetpierre.ca\/voyage\/?page_id=44574\">17 f\u00e9vrier \u2500 Macapa (Br\u00e9sil)<\/a><\/li>\n    <li><span style=\"color:#a9a9a9\">\u21d2&nbsp;<\/span><a href=\"https:\/\/mondedesylvieetpierre.ca\/voyage\/?page_id=44576\">18 f\u00e9vrier \u2500 Fleuve Amazone (Br\u00e9sil)<\/a><\/li>\n    <li><span style=\"color:#a9a9a9\">\u21d2&nbsp;<\/span><a href=\"https:\/\/mondedesylvieetpierre.ca\/voyage\/?page_id=44578\">19 f\u00e9vrier \u2500 Santarem (Br\u00e9sil)<\/a><\/li>\n    <li><span style=\"color:#a9a9a9\">\u21d2&nbsp;<\/span><a href=\"https:\/\/mondedesylvieetpierre.ca\/voyage\/?page_id=44580\">20 f\u00e9vrier \u2500 Boca da Valeria (Br\u00e9sil)<\/a><\/li>\n    <li><span style=\"color:#a9a9a9\">\u21d2&nbsp;<\/span><a href=\"https:\/\/mondedesylvieetpierre.ca\/voyage\/?page_id=44582\">21 et 22 f\u00e9vrier \u2500 Manaus (Br\u00e9sil)<\/a><\/li>\n<\/ul><\/h4>\t\t\t\t<\/div>\n\t\t\t\t<div class=\"elementor-element elementor-element-34b105d elementor-widget elementor-widget-heading\" data-id=\"34b105d\" data-element_type=\"widget\" data-e-type=\"widget\" data-widget_type=\"heading.default\">\n\t\t\t\t\t<h4 class=\"elementor-heading-title elementor-size-default\"><ul style=\"list-style-type: none;border-left: 5px solid #e4087e;background: #f2f2f2;padding-top: 20px;padding-bottom: 20px\">\t\n \t<li><span style=\"color:#a9a9a9\">\u21d2&nbsp;<\/span><a href=\"https:\/\/mondedesylvieetpierre.ca\/voyage\/?page_id=44584\">23 f\u00e9vrier \u2500 Parintins (Br\u00e9sil)<\/a><\/li>\n    <li><span style=\"color:#a9a9a9\">\u21d2&nbsp;<\/span><a href=\"https:\/\/mondedesylvieetpierre.ca\/voyage\/?page_id=44586\">24 f\u00e9vrier \u2500 Alter Do Chao (Br\u00e9sil)<\/a><\/li>\n    <li><span style=\"color:#a9a9a9\">\u21d2&nbsp;<\/span>25 et 26 f\u00e9vrier \u2500 [En mer]<\/li>\n    <li><span style=\"color:#a9a9a9\">\u21d2&nbsp;<\/span><a href=\"https:\/\/mondedesylvieetpierre.ca\/voyage\/?page_id=44588\">27 f\u00e9vrier \u2500 Devil's Island (GF)<\/a><\/li>\n    <li><span style=\"color:#a9a9a9\">\u21d2&nbsp;<\/span>28 f\u00e9vrier et 1<sup>er<\/sup> mars \u2500 [En mer]<\/li>\n    <li><span style=\"color:#a9a9a9\">\u21d2&nbsp;<\/span>2 mars \u2500 Bridgetown (Barbade)<\/li>\n    <li><span style=\"color:#a9a9a9\">\u21d2&nbsp;<\/span><a href=\"https:\/\/mondedesylvieetpierre.ca\/voyage\/?page_id=44590\">3 mars \u2500 Roseau (Dominique)<\/a><\/li>\n    <li><span style=\"color:#a9a9a9\">\u21d2&nbsp;<\/span><a href=\"https:\/\/mondedesylvieetpierre.ca\/voyage\/?page_id=44592\">4 mars \u2500 Road Town - Tortola (\u00ceVB)<\/a><\/li>\n    <li><span style=\"color:#a9a9a9\">\u21d2&nbsp;<\/span>5 et 6 mars \u2500 [En mer]<\/li>  \n    <li><span style=\"color:#a9a9a9\">\u21d2&nbsp;<\/span>7 mars \u2500 Port maritime de Miami (\u00c9.U)<\/li>\n    <li><span style=\"color:#a9a9a9\">\u21d2&nbsp;<\/span><a href=\"https:\/\/mondedesylvieetpierre.ca\/voyage\/?page_id=44569\">BATEAU \u2500 MS-Zaandam (HAL)<\/a><\/li>\n<\/ul><\/h4>\t\t\t\t<\/div>\n\t\t\t\t\t<\/div>\n\t\t\t\t<\/div>\n\t\t<div class=\"elementor-element elementor-element-5423877 e-flex e-con-boxed e-con e-parent\" data-id=\"5423877\" data-element_type=\"container\" data-e-type=\"container\">\n\t\t\t\t\t<div class=\"e-con-inner\">\n\t\t\t\t<div class=\"elementor-element elementor-element-ec4a6b7 elementor-widget-divider--view-line_text elementor-widget-divider--element-align-center elementor-widget elementor-widget-divider\" data-id=\"ec4a6b7\" data-element_type=\"widget\" data-e-type=\"widget\" data-widget_type=\"divider.default\">\n\t\t\t\t\t\t\t<div class=\"elementor-divider\">\n\t\t\t<span class=\"elementor-divider-separator\">\n\t\t\t\t\t\t\t<span class=\"elementor-divider__text elementor-divider__element\">\n\t\t\t\tINFO-VOYAGE\t\t\t\t<\/span>\n\t\t\t\t\t\t<\/span>\n\t\t<\/div>\n\t\t\t\t\t\t<\/div>\n\t\t\t\t\t<\/div>\n\t\t\t\t<\/div>\n\t\t\t\t<section class=\"elementor-section elementor-top-section elementor-element elementor-element-a017eeb elementor-section-boxed elementor-section-height-default elementor-section-height-default\" data-id=\"a017eeb\" data-element_type=\"section\" data-e-type=\"section\">\n\t\t\t\t\t\t<div class=\"elementor-container elementor-column-gap-default\">\n\t\t\t\t\t<div class=\"elementor-column elementor-col-100 elementor-top-column elementor-element elementor-element-f8669c9\" data-id=\"f8669c9\" data-element_type=\"column\" data-e-type=\"column\">\n\t\t\t<div class=\"elementor-widget-wrap elementor-element-populated\">\n\t\t\t\t\t\t<div class=\"elementor-element elementor-element-aa3857e elementor-widget elementor-widget-gallery\" data-id=\"aa3857e\" data-element_type=\"widget\" data-e-type=\"widget\" data-settings=\"{&quot;columns&quot;:2,&quot;overlay_title&quot;:&quot;caption&quot;,&quot;lazyload&quot;:&quot;yes&quot;,&quot;gallery_layout&quot;:&quot;grid&quot;,&quot;columns_tablet&quot;:2,&quot;columns_mobile&quot;:1,&quot;gap&quot;:{&quot;unit&quot;:&quot;px&quot;,&quot;size&quot;:10,&quot;sizes&quot;:[]},&quot;gap_tablet&quot;:{&quot;unit&quot;:&quot;px&quot;,&quot;size&quot;:10,&quot;sizes&quot;:[]},&quot;gap_mobile&quot;:{&quot;unit&quot;:&quot;px&quot;,&quot;size&quot;:10,&quot;sizes&quot;:[]},&quot;link_to&quot;:&quot;file&quot;,&quot;aspect_ratio&quot;:&quot;3:2&quot;,&quot;overlay_background&quot;:&quot;yes&quot;,&quot;content_hover_animation&quot;:&quot;fade-in&quot;}\" data-widget_type=\"gallery.default\">\n\t\t\t\t\t\t\t<div class=\"elementor-gallery__container\">\n\t\t\t\t\t\t\t<a class=\"e-gallery-item elementor-gallery-item elementor-animated-content\" href=\"https:\/\/mondedesylvieetpierre.ca\/voyage\/wp-content\/uploads\/2025\/03\/Village-dindigene-a-Boca-da-Valeria-Amazone-Bresil.jpg\" data-elementor-open-lightbox=\"yes\" data-elementor-lightbox-slideshow=\"aa3857e\" data-elementor-lightbox-title=\"Village d&#039;indig\u00e8ne \u00e0 Boca da Valeria, Amazone, Br\u00e9sil\" data-e-action-hash=\"#elementor-action%3Aaction%3Dlightbox%26settings%3DeyJpZCI6NDQ0NDUsInVybCI6Imh0dHBzOlwvXC9tb25kZWRlc3lsdmllZXRwaWVycmUuY2FcL3ZveWFnZVwvd3AtY29udGVudFwvdXBsb2Fkc1wvMjAyNVwvMDNcL1ZpbGxhZ2UtZGluZGlnZW5lLWEtQm9jYS1kYS1WYWxlcmlhLUFtYXpvbmUtQnJlc2lsLmpwZyIsInNsaWRlc2hvdyI6ImFhMzg1N2UifQ%3D%3D\">\n\t\t\t\t\t<div class=\"e-gallery-image elementor-gallery-item__image\" data-thumbnail=\"https:\/\/mondedesylvieetpierre.ca\/voyage\/wp-content\/uploads\/2025\/03\/Village-dindigene-a-Boca-da-Valeria-Amazone-Bresil-603x400.jpg\" data-width=\"603\" data-height=\"400\" aria-label=\"\" role=\"img\" ><\/div>\n\t\t\t\t\t\t\t\t\t\t\t<div class=\"elementor-gallery-item__overlay\"><\/div>\n\t\t\t\t\t\t\t\t\t\t\t\t\t\t\t<div class=\"elementor-gallery-item__content\">\n\t\t\t\t\t\t\t\t\t\t\t\t\t\t<div class=\"elementor-gallery-item__title\">\n\t\t\t\t\t\t\t\t\t\t\t\t\t\t\t\t\t\tBoca da Valeria est un petit village indig\u00e8ne diss\u00e9min\u00e9s dans la for\u00eat amazonienne sur le fleuve Amazone. L\u2019\u00e9glise catholique de S\u00e3o Paulo est le plus grand b\u00e2timent en l\u2019honneur de l\u2019ap\u00f4tre Paul a \u00e9t\u00e9 fond\u00e9e en 2008. \u00c9cole municipale de S\u00e3o Francisco, la tradition des compagnies de croisi\u00e8re distribuant de petits cadeaux aux enfants pour mieux \u00e9tudier.\t\t\t\t\t\t\t\t<\/div>\n\t\t\t\t\t\t\t\t\t\t\t\t<\/div>\n\t\t\t\t\t\t\t\t\t<\/a>\n\t\t\t\t\t\t\t<a class=\"e-gallery-item elementor-gallery-item elementor-animated-content\" href=\"https:\/\/mondedesylvieetpierre.ca\/voyage\/wp-content\/uploads\/2025\/03\/Village-dindigene-a-Manaus-au-Bresil.jpg\" data-elementor-open-lightbox=\"yes\" data-elementor-lightbox-slideshow=\"aa3857e\" data-elementor-lightbox-title=\"Village d&#039;indig\u00e8ne \u00e0 Manaus au Br\u00e9sil\" data-e-action-hash=\"#elementor-action%3Aaction%3Dlightbox%26settings%3DeyJpZCI6NDQ0ODEsInVybCI6Imh0dHBzOlwvXC9tb25kZWRlc3lsdmllZXRwaWVycmUuY2FcL3ZveWFnZVwvd3AtY29udGVudFwvdXBsb2Fkc1wvMjAyNVwvMDNcL1ZpbGxhZ2UtZGluZGlnZW5lLWEtTWFuYXVzLWF1LUJyZXNpbC5qcGciLCJzbGlkZXNob3ciOiJhYTM4NTdlIn0%3D\">\n\t\t\t\t\t<div class=\"e-gallery-image elementor-gallery-item__image\" data-thumbnail=\"https:\/\/mondedesylvieetpierre.ca\/voyage\/wp-content\/uploads\/2025\/03\/Village-dindigene-a-Manaus-au-Bresil-600x400.jpg\" data-width=\"600\" data-height=\"400\" aria-label=\"\" role=\"img\" ><\/div>\n\t\t\t\t\t\t\t\t\t\t\t<div class=\"elementor-gallery-item__overlay\"><\/div>\n\t\t\t\t\t\t\t\t\t\t\t\t\t\t\t<div class=\"elementor-gallery-item__content\">\n\t\t\t\t\t\t\t\t\t\t\t\t\t\t<div class=\"elementor-gallery-item__title\">\n\t\t\t\t\t\t\t\t\t\t\t\t\t\t\t\t\t\tLe village d'indig\u00e8ne de Manaus, le chaman qui explique aux touristes la signification de chaque danse avec leurs costumes et instruments de musique traditionnelle.\t\t\t\t\t\t\t\t<\/div>\n\t\t\t\t\t\t\t\t\t\t\t\t<\/div>\n\t\t\t\t\t\t\t\t\t<\/a>\n\t\t\t\t\t\t\t<a class=\"e-gallery-item elementor-gallery-item elementor-animated-content\" href=\"https:\/\/mondedesylvieetpierre.ca\/voyage\/wp-content\/uploads\/2025\/03\/Le-festival-Folklorique-de-Parintins-au-Bresil.jpg\" data-elementor-open-lightbox=\"yes\" data-elementor-lightbox-slideshow=\"aa3857e\" data-elementor-lightbox-title=\"Le festival Folklorique de Parintins au Br\u00e9sil\" data-e-action-hash=\"#elementor-action%3Aaction%3Dlightbox%26settings%3DeyJpZCI6NDQ0ODAsInVybCI6Imh0dHBzOlwvXC9tb25kZWRlc3lsdmllZXRwaWVycmUuY2FcL3ZveWFnZVwvd3AtY29udGVudFwvdXBsb2Fkc1wvMjAyNVwvMDNcL0xlLWZlc3RpdmFsLUZvbGtsb3JpcXVlLWRlLVBhcmludGlucy1hdS1CcmVzaWwuanBnIiwic2xpZGVzaG93IjoiYWEzODU3ZSJ9\">\n\t\t\t\t\t<div class=\"e-gallery-image elementor-gallery-item__image\" data-thumbnail=\"https:\/\/mondedesylvieetpierre.ca\/voyage\/wp-content\/uploads\/2025\/03\/Le-festival-Folklorique-de-Parintins-au-Bresil-600x400.jpg\" data-width=\"600\" data-height=\"400\" aria-label=\"\" role=\"img\" ><\/div>\n\t\t\t\t\t\t\t\t\t\t\t<div class=\"elementor-gallery-item__overlay\"><\/div>\n\t\t\t\t\t\t\t\t\t\t\t\t\t\t\t<div class=\"elementor-gallery-item__content\">\n\t\t\t\t\t\t\t\t\t\t\t\t\t\t<div class=\"elementor-gallery-item__title\">\n\t\t\t\t\t\t\t\t\t\t\t\t\t\t\t\t\t\tLe festival Folklorique de Parintins, elle consiste en une pr\u00e9sentation de deux associations : le B\u0153uf de couleur rouge, et le B\u0153uf de couleur bleu se confrontent au travers de spectacles folkloriques, costumes et danses.\t\t\t\t\t\t\t\t<\/div>\n\t\t\t\t\t\t\t\t\t\t\t\t<\/div>\n\t\t\t\t\t\t\t\t\t<\/a>\n\t\t\t\t\t\t\t<a class=\"e-gallery-item elementor-gallery-item elementor-animated-content\" href=\"https:\/\/mondedesylvieetpierre.ca\/voyage\/wp-content\/uploads\/2025\/03\/La-prison-de-Devils-Island-a-la-Guyane-francaise.jpg\" data-elementor-open-lightbox=\"yes\" data-elementor-lightbox-slideshow=\"aa3857e\" data-elementor-lightbox-title=\"La prison de Devil&#039;s Island \u00e0 la Guyane fran\u00e7aise\" data-e-action-hash=\"#elementor-action%3Aaction%3Dlightbox%26settings%3DeyJpZCI6NDQ0NDMsInVybCI6Imh0dHBzOlwvXC9tb25kZWRlc3lsdmllZXRwaWVycmUuY2FcL3ZveWFnZVwvd3AtY29udGVudFwvdXBsb2Fkc1wvMjAyNVwvMDNcL0xhLXByaXNvbi1kZS1EZXZpbHMtSXNsYW5kLWEtbGEtR3V5YW5lLWZyYW5jYWlzZS5qcGciLCJzbGlkZXNob3ciOiJhYTM4NTdlIn0%3D\">\n\t\t\t\t\t<div class=\"e-gallery-image elementor-gallery-item__image\" data-thumbnail=\"https:\/\/mondedesylvieetpierre.ca\/voyage\/wp-content\/uploads\/2025\/03\/La-prison-de-Devils-Island-a-la-Guyane-francaise-600x400.jpg\" data-width=\"600\" data-height=\"400\" aria-label=\"\" role=\"img\" ><\/div>\n\t\t\t\t\t\t\t\t\t\t\t<div class=\"elementor-gallery-item__overlay\"><\/div>\n\t\t\t\t\t\t\t\t\t\t\t\t\t\t\t<div class=\"elementor-gallery-item__content\">\n\t\t\t\t\t\t\t\t\t\t\t\t\t\t<div class=\"elementor-gallery-item__title\">\n\t\t\t\t\t\t\t\t\t\t\t\t\t\t\t\t\t\tLa colonie p\u00e9nitentiaire de Cayenne, commun\u00e9ment appel\u00e9e \u00eele du Diable, \u00e9tait une colonie p\u00e9nitentiaire fran\u00e7aise qui a fonctionn\u00e9 pendant 100 ans, de 1852 \u00e0 1952, et a officiellement ferm\u00e9 en 1953, dans les \u00eeles du Salut de la Guyane fran\u00e7aise.\t\t\t\t\t\t\t\t<\/div>\n\t\t\t\t\t\t\t\t\t\t\t\t<\/div>\n\t\t\t\t\t\t\t\t\t<\/a>\n\t\t\t\t\t<\/div>\n\t\t\t\t\t<\/div>\n\t\t\t\t\t<\/div>\n\t\t<\/div>\n\t\t\t\t\t<\/div>\n\t\t<\/section>\n\t\t\t\t<section class=\"elementor-section elementor-top-section elementor-element elementor-element-5b98284f elementor-section-boxed elementor-section-height-default elementor-section-height-default\" data-id=\"5b98284f\" data-element_type=\"section\" data-e-type=\"section\">\n\t\t\t\t\t\t<div class=\"elementor-container elementor-column-gap-default\">\n\t\t\t\t\t<div class=\"elementor-column elementor-col-100 elementor-top-column elementor-element elementor-element-572e42f3\" data-id=\"572e42f3\" data-element_type=\"column\" data-e-type=\"column\">\n\t\t\t<div class=\"elementor-widget-wrap elementor-element-populated\">\n\t\t\t\t\t\t<div class=\"elementor-element elementor-element-7e968600 elementor-widget elementor-widget-text-editor\" data-id=\"7e968600\" data-element_type=\"widget\" data-e-type=\"widget\" data-widget_type=\"text-editor.default\">\n\t\t\t\t\t\t\t\t\t<h5 style=\"text-align: center;\">Notre croisi\u00e8re Cara\u00efbes + Exploration de l&rsquo;Amazone en 2025, soit d\u2019une dur\u00e9e de 27&nbsp;jours du 8&nbsp;f\u00e9vrier au 7&nbsp;mars en&nbsp;2025, avec le MS&nbsp;Zaandam de la compagnie d\u2019Holland&nbsp;America&nbsp;Line.<\/h5>\n<p style=\"text-align: center;\"><em><strong>Holland&nbsp;America<\/strong><\/em> qualifie ce voyage parmi ses voyages l\u00e9gendaires.<br \/>\nNous avons v\u00e9cu une exp\u00e9rience incroyable soit une immersion sur la g\u00e9ographie, son histoire, ses traditions, sa langue, sa samba, ses arts martiaux et ses carnavals hauts en couleur du Br\u00e9sil et de son <em>fleuve&nbsp;Amazone<\/em>.<\/p>\n<p style=\"text-align: center;\">Nous avions \u00e0 bord, des ambassadeurs de la firme <strong>Oi&nbsp;Brazil<\/strong> <em><strong>(Salut Br\u00e9sil)<\/strong><\/em> qui nous ont accompagn\u00e9s tout le long du voyage par ses conf\u00e9rences, ses activit\u00e9s et surtout par ses spectacles dignes du <em><strong>Carnaval de Rio<\/strong><\/em>.<br \/>\n(<em><strong><a href=\"https:\/\/www.oibrasilshows.com\/\" target=\"_blank\">\u00c0 savoir sur la firme Oi&nbsp;Brazil<\/a><\/strong>&nbsp;: <strong>Antonio&nbsp;de&nbsp;Freita<\/strong> a cr\u00e9\u00e9, avec <strong>Esther&nbsp;Alvero<\/strong> sa partenaire, la compagnie de spectacle <strong>Oi Brasil<\/strong>, fond\u00e9 en 2006 qui est devenue internationalement reconnue dans l\u2019industrie du divertissement pour \u00eatre la seule entreprise sp\u00e9cialis\u00e9e dans le divertissement authentique br\u00e9silien et cubain.<\/em>)<\/p>\n<p style=\"text-align: center;\">Le <em>fleuve&nbsp;Amazone<\/em> nous a surpris par sa couleur de l\u2019eau capuccino et sa largeur, car on croyait qu\u2019elle \u00e9tait plus \u00e9troite.<br \/>\nMes coups de c\u0153ur sont <em><strong>Boca&nbsp;da&nbsp;Valeria<\/strong><\/em> et son petit village d\u2019indig\u00e8nes, les <em><strong>\u00eeles du Salut en Guyane fran\u00e7aise<\/strong><\/em> (<em>prisons vues dans le film Papillon<\/em>) et <em><strong>Parintins<\/strong><\/em> qui se distingue par une rivalit\u00e9 entre deux b\u0153ufs (rouge et bleu) ou deux groupes de supporteurs comme les Canadiens et les Nordiques sur la m\u00eame patinoire.<\/p>\n<p style=\"text-align: center;\"><em>Bon&nbsp;visionnement&nbsp;!!!<\/em><\/p>\t\t\t\t\t\t\t\t<\/div>\n\t\t\t\t\t<\/div>\n\t\t<\/div>\n\t\t\t\t\t<\/div>\n\t\t<\/section>\n\t\t<div class=\"elementor-element elementor-element-294fc90 e-flex e-con-boxed e-con e-parent\" data-id=\"294fc90\" data-element_type=\"container\" data-e-type=\"container\">\n\t\t\t\t\t<div class=\"e-con-inner\">\n\t\t\t\t<div class=\"elementor-element elementor-element-bdc78ac elementor-widget-divider--view-line_text elementor-widget-divider--element-align-center elementor-widget elementor-widget-divider\" data-id=\"bdc78ac\" data-element_type=\"widget\" data-e-type=\"widget\" data-widget_type=\"divider.default\">\n\t\t\t\t\t\t\t<div class=\"elementor-divider\">\n\t\t\t<span class=\"elementor-divider-separator\">\n\t\t\t\t\t\t\t<span class=\"elementor-divider__text elementor-divider__element\">\n\t\t\t\tINFORMATION SUR LE FLEUVE DE L'AMAZONE\t\t\t\t<\/span>\n\t\t\t\t\t\t<\/span>\n\t\t<\/div>\n\t\t\t\t\t\t<\/div>\n\t\t\t\t\t<\/div>\n\t\t\t\t<\/div>\n\t\t\t\t<section class=\"elementor-section elementor-top-section elementor-element elementor-element-f9cb834 elementor-section-boxed elementor-section-height-default elementor-section-height-default\" data-id=\"f9cb834\" data-element_type=\"section\" data-e-type=\"section\">\n\t\t\t\t\t\t<div class=\"elementor-container elementor-column-gap-default\">\n\t\t\t\t\t<div class=\"elementor-column elementor-col-33 elementor-top-column elementor-element elementor-element-146f6f5\" data-id=\"146f6f5\" data-element_type=\"column\" data-e-type=\"column\">\n\t\t\t<div class=\"elementor-widget-wrap\">\n\t\t\t\t\t\t\t<\/div>\n\t\t<\/div>\n\t\t\t\t<div class=\"elementor-column elementor-col-33 elementor-top-column elementor-element elementor-element-5d3c716\" data-id=\"5d3c716\" data-element_type=\"column\" data-e-type=\"column\">\n\t\t\t<div class=\"elementor-widget-wrap elementor-element-populated\">\n\t\t\t\t\t\t<div class=\"elementor-element elementor-element-86e7df9 elementor-widget elementor-widget-shortcode\" data-id=\"86e7df9\" data-element_type=\"widget\" data-e-type=\"widget\" data-widget_type=\"shortcode.default\">\n\t\t\t\t\t\t\t<div class=\"elementor-shortcode\"><div class=\"toggle-group\">\n<div class=\"toggle\"><h4>Fleuve de l'Amazone<\/h4><div class=\"toggle-content\">\n<p align=\"center\"><img decoding=\"async\" src=\"https:\/\/mondedesylvieetpierre.ca\/voyage\/wp-content\/uploads\/2025\/03\/20250327-Image-Fleuve-Amazone-1.jpg\" alt=\"20250327-Image-Fleuve-Amazone\"><\/p>\n<h3 style=\"text-align: center;\">Le fleuve de l'Amazone<\/h3>\n<p style=\"text-align: left;\">L'<em><strong>Amazone<\/strong><\/em> est un <em>fleuve d'Am\u00e9rique du Sud<\/em>.<br \/>\nC'est le plus puissant fleuve du monde, son d\u00e9bit moyen estim\u00e9 \u00e0 l'estuaire de 209,000 m<sup>3<\/sup>\/s est de loin le plus \u00e9lev\u00e9 de tous les fleuves de la plan\u00e8te et il \u00e9quivaut au volume cumul\u00e9 des six fleuves qui le suivent imm\u00e9diatement dans l'ordre des d\u00e9bits.<br \/>\n\u00c0 elle seule, le <em>fleuve de l'Amazone<\/em> repr\u00e9sente d'ailleurs environ un cinqui\u00e8me du d\u00e9bit fluvial du monde entier, avec ses 7,025&nbsp;km, c'est le plus long fleuve de la Terre devant le&nbsp;Nil.<br \/>\nSon r\u00e9seau hydrographique compte plus de 1,000&nbsp;cours d'eau.<br \/>\nL'<em><strong>Amazone<\/strong><\/em> est \u00e0 l'origine de 18% du volume total d'eau douce d\u00e9vers\u00e9e dans les oc\u00e9ans du monde.<\/p>\n<p align=\"center\"><img decoding=\"async\" src=\"https:\/\/mondedesylvieetpierre.ca\/voyage\/wp-content\/uploads\/2025\/03\/20250331-Eau-Amazone-600x385-2.jpg\" alt=\"20250331-Eau-Amazone-600x385-2\"><\/p>\n<h3 style=\"text-align: center;\">On distingue trois types de cours d'eau&nbsp;:<\/h3>\n<p style=\"text-align: left;\">L'<em><strong>Amazone<\/strong><\/em> regroupe divers types de biotope poss\u00e9dant plusieurs qualit\u00e9s d'eau qui influent sur les biotopes.<br \/>\nOn distingue habituellement trois types de cours d'eau, <em>les eaux noires<\/em>, <em>les eaux blanches<\/em> et <em>les eaux claires<\/em>.<br \/>\n&nbsp;&nbsp;&#8226;&nbsp;<strong>Les eaux noires<\/strong>&nbsp;: C'est une eau marron fonc\u00e9, couleur th\u00e9 bien concentr\u00e9, qu'elle doit \u00e0 l\u2019\u00e9norme quantit\u00e9 de mati\u00e8re v\u00e9g\u00e9tale en d\u00e9composition qui la charge de mati\u00e8res humiques.<br \/>\nMalgr\u00e9 cette couleur, l\u2019eau n\u2019est pas trouble mais limpide, et la visibilit\u00e9 y est importante.<br \/>\nSon pH est faible, compris entre 3,5 et 5.<br \/>\nCes eaux sont exemptes de carbonates et leur duret\u00e9 totale est quasi inexistante.<br \/>\nLes v\u00e9g\u00e9taux y sont tr\u00e8s rares, la p\u00e9n\u00e9tration de la lumi\u00e8re dans l\u2019eau \u00e9tant fortement att\u00e9nu\u00e9e par la coloration de celle-ci et son acidit\u00e9 est \u00e9galement incompatible avec leur d\u00e9veloppement.<br \/>\n&nbsp;&nbsp;&#8226;&nbsp;<strong>Les eaux blanches<\/strong>&nbsp;: Contrairement au nom qu\u2019elle porte, l'eau de ces cours d'eau est ocre-jaune.<br \/>\nSon aspect trouble et sa couleur lui sont donn\u00e9s par la grosse quantit\u00e9 d\u2019argile en suspension qu\u2019elle contient.<br \/>\nSon pH est compris entre 6,2 et 7,2 et sa duret\u00e9 totale inf\u00e9rieure \u00e0 1\u00b0.<br \/>\nDans ce type de biotope, la visibilit\u00e9 dans l\u2019eau est quasiment nulle et la p\u00e9n\u00e9tration de la lumi\u00e8re dans celle-ci est encore moins forte que dans les eaux noires.<br \/>\nPar contre, le fond des rios, constitu\u00e9 d\u2019argile, est jonch\u00e9 des m\u00eames mati\u00e8res que dans l\u2019eau noire, \u00e0 savoir feuilles et branchages.<br \/>\n&nbsp;&nbsp;&#8226;&nbsp;<strong>Les eaux claires<\/strong>&nbsp;: Les cours d'eau limpides et translucides sont appel\u00e9s cours d'eau claire.<br \/>\nIls prennent de temps en temps une couleur verd\u00e2tre quand elle est charg\u00e9e en phytoplancton.<br \/>\nLa visibilit\u00e9 y est exceptionnelle.<br \/>\nSon pH est compris entre 4,5 et 7,5.<br \/>\nSon taux de carbonates est aussi tr\u00e8s bas ainsi que sa duret\u00e9 totale.<br \/>\nL\u2019extr\u00eame clart\u00e9 de l\u2019eau permet la p\u00e9n\u00e9tration de la lumi\u00e8re jusqu\u2019\u00e0 une profondeur substantielle, ce qui permet la fonction chlorophyllienne, condition indispensable au d\u00e9veloppement de plantes ou d\u2019algues.<br \/>\nLe fond des rios est constitu\u00e9 de sable clair et fin et jonch\u00e9 de feuilles et de branches.<\/p>\n<p align=\"center\"><img decoding=\"async\" src=\"https:\/\/mondedesylvieetpierre.ca\/voyage\/wp-content\/uploads\/2025\/03\/20250327-Boto-dauphin-rose.jpg\" alt=\"20250327-Boto-dauphin-rose\"><\/p>\n<h3 style=\"text-align: center;\">Faune de l\u2019Amazone<\/h3>\n<p style=\"text-align: left;\">Les eaux de l\u2019Amazone abritent une faune riche et vari\u00e9e.<br \/>\nLe fleuve est l\u2019un des principaux habitats du <strong>Boto<\/strong>, \u00e9galement connu sous le nom de <em><strong>dauphin rose<\/strong><\/em> de l\u2019Amazone, c\u2019est la plus grande esp\u00e8ce de dauphin d\u2019eau douce pouvant atteindre 2,6m.<br \/>\n\u00c9galement pr\u00e9sents en grand nombre, les c\u00e9l\u00e8bres <strong>Piranhas<\/strong>, poissons carnivores qui se regroupent en de larges bancs et qui peuvent s\u2019attaquer au b\u00e9tail et m\u00eame \u00e0 l\u2019homme.<br \/>\nL\u2019<strong>Anaconda g\u00e9ant<\/strong> vit \u00e9galement dans les eaux troubles du bassin amazonien, c\u2019est l\u2019une des plus grandes esp\u00e8ces de serpent.<br \/>\nLe fleuve abrite \u00e9galement des milliers d\u2019esp\u00e8ces de poissons, d\u2019amphibiens, de crabes et de tortues.<br \/>\nLe <em><strong>bassin de l'Amazone<\/strong><\/em> contient environ le quart de toutes les esp\u00e8ces animales r\u00e9pertori\u00e9es sur la plan\u00e8te et bien d'autres encore qui restent \u00e0 identifier.<\/p>\n<h3 style=\"text-align: center;\">Bassin de l\u2019Amazone<\/h3>\n<p style=\"text-align: center;\"><a href=\"https:\/\/mondedesylvieetpierre.ca\/voyage\/wp-content\/uploads\/2025\/03\/20250327-Map-Amazon-Basin-1015x757-1.jpg\"><img decoding=\"async\" src=\"https:\/\/mondedesylvieetpierre.ca\/voyage\/wp-content\/uploads\/2025\/03\/20250327-Map-Amazon-Basin-1015x757-1.jpg\" alt=\"20250327-Map-Amazon-Basin\" \/><\/a><\/p>\n<\/div><\/div>\n<\/div><\/div>\n\t\t\t\t\t\t<\/div>\n\t\t\t\t\t<\/div>\n\t\t<\/div>\n\t\t\t\t<div class=\"elementor-column elementor-col-33 elementor-top-column elementor-element elementor-element-a35ffaf\" data-id=\"a35ffaf\" data-element_type=\"column\" data-e-type=\"column\">\n\t\t\t<div class=\"elementor-widget-wrap\">\n\t\t\t\t\t\t\t<\/div>\n\t\t<\/div>\n\t\t\t\t\t<\/div>\n\t\t<\/section>\n\t\t<div class=\"elementor-element elementor-element-01358ea e-flex e-con-boxed e-con e-parent\" data-id=\"01358ea\" data-element_type=\"container\" data-e-type=\"container\">\n\t\t\t\t\t<div class=\"e-con-inner\">\n\t\t\t\t<div class=\"elementor-element elementor-element-a6152a1 elementor-widget-divider--view-line_text elementor-widget-divider--element-align-center elementor-widget elementor-widget-divider\" data-id=\"a6152a1\" data-element_type=\"widget\" data-e-type=\"widget\" data-widget_type=\"divider.default\">\n\t\t\t\t\t\t\t<div class=\"elementor-divider\">\n\t\t\t<span class=\"elementor-divider-separator\">\n\t\t\t\t\t\t\t<span class=\"elementor-divider__text elementor-divider__element\">\n\t\t\t\tItin\u00e9raire de notre croisi\u00e8re\t\t\t\t<\/span>\n\t\t\t\t\t\t<\/span>\n\t\t<\/div>\n\t\t\t\t\t\t<\/div>\n\t\t\t\t\t<\/div>\n\t\t\t\t<\/div>\n\t\t\t\t<section class=\"elementor-section elementor-top-section elementor-element elementor-element-2c1b4293 elementor-section-boxed elementor-section-height-default elementor-section-height-default\" data-id=\"2c1b4293\" data-element_type=\"section\" data-e-type=\"section\">\n\t\t\t\t\t\t<div class=\"elementor-container elementor-column-gap-default\">\n\t\t\t\t\t<div class=\"elementor-column elementor-col-100 elementor-top-column elementor-element elementor-element-7f3144ec\" data-id=\"7f3144ec\" data-element_type=\"column\" data-e-type=\"column\">\n\t\t\t<div class=\"elementor-widget-wrap elementor-element-populated\">\n\t\t\t\t\t\t<div class=\"elementor-element elementor-element-7d088514 elementor-widget elementor-widget-image\" data-id=\"7d088514\" data-element_type=\"widget\" data-e-type=\"widget\" data-widget_type=\"image.default\">\n\t\t\t\t\t\t\t\t\t\t\t\t<figure class=\"wp-caption\">\n\t\t\t\t\t\t\t\t\t\t\t<a href=\"https:\/\/mondedesylvieetpierre.ca\/voyage\/wp-content\/uploads\/2025\/03\/Map_Caraibes_Sud_et_Amazonie-2025.jpg\" data-elementor-open-lightbox=\"yes\" data-elementor-lightbox-title=\"Map_Caraibes_Sud_et_Amazonie 2025\" data-e-action-hash=\"#elementor-action%3Aaction%3Dlightbox%26settings%3DeyJpZCI6NDQ0MzYsInVybCI6Imh0dHBzOlwvXC9tb25kZWRlc3lsdmllZXRwaWVycmUuY2FcL3ZveWFnZVwvd3AtY29udGVudFwvdXBsb2Fkc1wvMjAyNVwvMDNcL01hcF9DYXJhaWJlc19TdWRfZXRfQW1hem9uaWUtMjAyNS5qcGcifQ%3D%3D\">\n\t\t\t\t\t\t\t<img decoding=\"async\" src=\"https:\/\/mondedesylvieetpierre.ca\/voyage\/wp-content\/uploads\/elementor\/thumbs\/Map_Caraibes_Sud_et_Amazonie-2025-r3e9zdj6ycopstcfph7q6bmywv7shzlfg6djtsjeqq.jpg\" title=\"Map_Caraibes_Sud_et_Amazonie 2025\" alt=\"Map_Caraibes_Sud_et_Amazonie 2025\" loading=\"lazy\" \/>\t\t\t\t\t\t\t\t<\/a>\n\t\t\t\t\t\t\t\t\t\t\t<figcaption class=\"widget-image-caption wp-caption-text\">Carte des Cara\u00efbes + Amazone<\/figcaption>\n\t\t\t\t\t\t\t\t\t\t<\/figure>\n\t\t\t\t\t\t\t\t\t<\/div>\n\t\t\t\t\t<\/div>\n\t\t<\/div>\n\t\t\t\t\t<\/div>\n\t\t<\/section>\n\t\t\t\t<section class=\"elementor-section elementor-top-section elementor-element elementor-element-4109b3da elementor-section-boxed elementor-section-height-default elementor-section-height-default\" data-id=\"4109b3da\" data-element_type=\"section\" data-e-type=\"section\">\n\t\t\t\t\t\t<div class=\"elementor-container elementor-column-gap-default\">\n\t\t\t\t\t<div class=\"elementor-column elementor-col-100 elementor-top-column elementor-element elementor-element-2b300cf0\" data-id=\"2b300cf0\" data-element_type=\"column\" data-e-type=\"column\">\n\t\t\t<div class=\"elementor-widget-wrap elementor-element-populated\">\n\t\t\t\t\t\t<div class=\"elementor-element elementor-element-49361e02 elementor-widget-divider--view-line_text elementor-widget-divider--element-align-center elementor-widget elementor-widget-divider\" data-id=\"49361e02\" data-element_type=\"widget\" data-e-type=\"widget\" data-widget_type=\"divider.default\">\n\t\t\t\t\t\t\t<div class=\"elementor-divider\">\n\t\t\t<span class=\"elementor-divider-separator\">\n\t\t\t\t\t\t\t<span class=\"elementor-divider__text elementor-divider__element\">\n\t\t\t\tGoogle Map des Cara\u00efbes + Amazone\t\t\t\t<\/span>\n\t\t\t\t\t\t<\/span>\n\t\t<\/div>\n\t\t\t\t\t\t<\/div>\n\t\t\t\t\t<\/div>\n\t\t<\/div>\n\t\t\t\t\t<\/div>\n\t\t<\/section>\n\t\t\t\t<section class=\"elementor-section elementor-top-section elementor-element elementor-element-3a5d5fbe elementor-section-boxed elementor-section-height-default elementor-section-height-default\" data-id=\"3a5d5fbe\" data-element_type=\"section\" data-e-type=\"section\">\n\t\t\t\t\t\t<div class=\"elementor-container elementor-column-gap-default\">\n\t\t\t\t\t<div class=\"elementor-column elementor-col-100 elementor-top-column elementor-element elementor-element-7d150089\" data-id=\"7d150089\" data-element_type=\"column\" data-e-type=\"column\">\n\t\t\t<div class=\"elementor-widget-wrap elementor-element-populated\">\n\t\t\t\t\t\t<div class=\"elementor-element elementor-element-5acdeed elementor-widget elementor-widget-google_maps\" data-id=\"5acdeed\" data-element_type=\"widget\" data-e-type=\"widget\" data-widget_type=\"google_maps.default\">\n\t\t\t\t\t\t\t<div class=\"elementor-custom-embed\">\n\t\t\t<iframe loading=\"lazy\"\n\t\t\t\t\tsrc=\"https:\/\/maps.google.com\/maps?q=Rivi%C3%A8re%20Amazone%2C%20Br%C3%A9sil&#038;t=m&#038;z=6&#038;output=embed&#038;iwloc=near\"\n\t\t\t\t\ttitle=\"Rivi\u00e8re Amazone, Br\u00e9sil\"\n\t\t\t\t\taria-label=\"Rivi\u00e8re Amazone, Br\u00e9sil\"\n\t\t\t><\/iframe>\n\t\t<\/div>\n\t\t\t\t\t\t<\/div>\n\t\t\t\t\t<\/div>\n\t\t<\/div>\n\t\t\t\t\t<\/div>\n\t\t<\/section>\n\t\t\t\t<section class=\"elementor-section elementor-top-section elementor-element elementor-element-3cacee48 elementor-section-boxed elementor-section-height-default elementor-section-height-default\" data-id=\"3cacee48\" data-element_type=\"section\" data-e-type=\"section\">\n\t\t\t\t\t\t<div class=\"elementor-container elementor-column-gap-default\">\n\t\t\t\t\t<div class=\"elementor-column elementor-col-100 elementor-top-column elementor-element elementor-element-b7a9d67\" data-id=\"b7a9d67\" data-element_type=\"column\" data-e-type=\"column\">\n\t\t\t<div class=\"elementor-widget-wrap elementor-element-populated\">\n\t\t\t\t\t\t<div class=\"elementor-element elementor-element-7307375f elementor-widget-divider--view-line_text elementor-widget-divider--element-align-center elementor-widget elementor-widget-divider\" data-id=\"7307375f\" data-element_type=\"widget\" data-e-type=\"widget\" data-widget_type=\"divider.default\">\n\t\t\t\t\t\t\t<div class=\"elementor-divider\">\n\t\t\t<span class=\"elementor-divider-separator\">\n\t\t\t\t\t\t\t<span class=\"elementor-divider__text elementor-divider__element\">\n\t\t\t\tLecteur audio\t\t\t\t<\/span>\n\t\t\t\t\t\t<\/span>\n\t\t<\/div>\n\t\t\t\t\t\t<\/div>\n\t\t\t\t\t<\/div>\n\t\t<\/div>\n\t\t\t\t\t<\/div>\n\t\t<\/section>\n\t\t\t\t<section class=\"elementor-section elementor-top-section elementor-element elementor-element-52045c85 elementor-section-boxed elementor-section-height-default elementor-section-height-default\" data-id=\"52045c85\" data-element_type=\"section\" data-e-type=\"section\">\n\t\t\t\t\t\t<div class=\"elementor-container elementor-column-gap-default\">\n\t\t\t\t\t<div class=\"elementor-column elementor-col-100 elementor-top-column elementor-element elementor-element-42854252\" data-id=\"42854252\" data-element_type=\"column\" data-e-type=\"column\">\n\t\t\t<div class=\"elementor-widget-wrap elementor-element-populated\">\n\t\t\t\t\t\t<div class=\"elementor-element elementor-element-389e802 elementor-widget elementor-widget-shortcode\" data-id=\"389e802\" data-element_type=\"widget\" data-e-type=\"widget\" data-widget_type=\"shortcode.default\">\n\t\t\t\t\t\t\t<div class=\"elementor-shortcode\"><div style=\"text-align: center;\"><div id=\"mp3jWrap_0\" class=\"mjp-s-wrapper s-graphic unsel-mjp outline verdana-mjp\" style=\"font-size:14px;\"><span id=\"playpause_wrap_mp3j_0\" class=\"wrap_inline_mp3j\" style=\"font-weight:700;\"><span class=\"gfxbutton_mp3j play-mjp\" id=\"playpause_mp3j_0\" style=\"font-size:14px;\">&nbsp;&nbsp;&nbsp;&nbsp;&nbsp;<\/span>&nbsp;<span class=\"group_wrap\"><span class=\"bars_mp3j\"><span class=\"loadB_mp3j\" id=\"load_mp3j_0\"><\/span><span class=\"posbarB_mp3j\" id=\"posbar_mp3j_0\"><\/span><\/span><span class=\"T_mp3j\" id=\"T_mp3j_0\" style=\"font-size:14px;\">Musique Fl\u00fbte Am\u00e9rindienne - Fleuve Amazone<\/span><span class=\"indi_mp3j\" style=\"font-size:9.8px;\" id=\"statusMI_0\"><\/span><\/span><span class=\"vol_mp3j flipped\" id=\"vol_mp3j_0\"><\/span><\/span><\/div><span class=\"s-nosolution\" id=\"mp3j_nosolution_0\" style=\"display:none;\"><\/span><script>\nMP3jPLAYLISTS.inline_0 = [\n\t{ name: \"Musique Flute Amerindienne - Fleuve Amazone.mp3\", formats: [\"mp3\"], mp3: \"aHR0cHM6Ly9tb25kZWRlc3lsdmllZXRwaWVycmUuY2Evdm95YWdlL2F1ZGlvL011c2lxdWUgRmx1dGUgQW1lcmluZGllbm5lIC0gRmxldXZlIEFtYXpvbmUubXAz\", counterpart:\"\", artist: \"\", image: \"\", imgurl: \"\" }\n];\n<\/script>\n\n<script>MP3jPLAYERS[0] = { list: MP3jPLAYLISTS.inline_0, tr:0, type:'single', lstate:'', loop:false, play_txt:'&nbsp;&nbsp;&nbsp;&nbsp;&nbsp;', pause_txt:'&nbsp;&nbsp;&nbsp;&nbsp;&nbsp;', pp_title:'', autoplay:true, download:false, vol:100, height:'' };<\/script><\/div><\/div>\n\t\t\t\t\t\t<\/div>\n\t\t\t\t\t<\/div>\n\t\t<\/div>\n\t\t\t\t\t<\/div>\n\t\t<\/section>\n\t\t\t\t<section class=\"elementor-section elementor-top-section elementor-element elementor-element-4194b09b elementor-section-boxed elementor-section-height-default elementor-section-height-default\" data-id=\"4194b09b\" data-element_type=\"section\" data-e-type=\"section\">\n\t\t\t\t\t\t<div class=\"elementor-container elementor-column-gap-default\">\n\t\t\t\t\t<div class=\"elementor-column elementor-col-100 elementor-top-column elementor-element elementor-element-8feb5f3\" data-id=\"8feb5f3\" data-element_type=\"column\" data-e-type=\"column\">\n\t\t\t<div class=\"elementor-widget-wrap elementor-element-populated\">\n\t\t\t\t\t\t<div class=\"elementor-element elementor-element-1474e7c7 elementor-widget elementor-widget-image\" data-id=\"1474e7c7\" data-element_type=\"widget\" data-e-type=\"widget\" data-widget_type=\"image.default\">\n\t\t\t\t\t\t\t\t\t\t\t\t\t\t\t<img decoding=\"async\" width=\"350\" height=\"68\" src=\"https:\/\/mondedesylvieetpierre.ca\/voyage\/wp-content\/uploads\/2021\/07\/Divider_note_350x68.png\" class=\"attachment-pixelwars_theme_image_size_nullx500 size-pixelwars_theme_image_size_nullx500 wp-image-17963\" alt=\"\" srcset=\"https:\/\/mondedesylvieetpierre.ca\/voyage\/wp-content\/uploads\/2021\/07\/Divider_note_350x68.png 350w, https:\/\/mondedesylvieetpierre.ca\/voyage\/wp-content\/uploads\/2021\/07\/Divider_note_350x68-300x58.png 300w\" sizes=\"(max-width: 350px) 100vw, 350px\" \/>\t\t\t\t\t\t\t\t\t\t\t\t\t\t\t<\/div>\n\t\t\t\t\t<\/div>\n\t\t<\/div>\n\t\t\t\t\t<\/div>\n\t\t<\/section>\n\t\t\t\t<section class=\"elementor-section elementor-top-section elementor-element elementor-element-755ed12e elementor-section-boxed elementor-section-height-default elementor-section-height-default\" data-id=\"755ed12e\" data-element_type=\"section\" data-e-type=\"section\">\n\t\t\t\t\t\t<div class=\"elementor-container elementor-column-gap-default\">\n\t\t\t\t\t<div class=\"elementor-column elementor-col-100 elementor-top-column elementor-element elementor-element-62250cdc\" data-id=\"62250cdc\" data-element_type=\"column\" data-e-type=\"column\">\n\t\t\t<div class=\"elementor-widget-wrap elementor-element-populated\">\n\t\t\t\t\t\t<div class=\"elementor-element elementor-element-cbdfb48 elementor-widget-divider--view-line_text elementor-widget-divider--element-align-center elementor-widget elementor-widget-divider\" data-id=\"cbdfb48\" data-element_type=\"widget\" data-e-type=\"widget\" data-widget_type=\"divider.default\">\n\t\t\t\t\t\t\t<div class=\"elementor-divider\">\n\t\t\t<span class=\"elementor-divider-separator\">\n\t\t\t\t\t\t\t<span class=\"elementor-divider__text elementor-divider__element\">\n\t\t\t\tPartager ce voyage\t\t\t\t<\/span>\n\t\t\t\t\t\t<\/span>\n\t\t<\/div>\n\t\t\t\t\t\t<\/div>\n\t\t\t\t\t<\/div>\n\t\t<\/div>\n\t\t\t\t\t<\/div>\n\t\t<\/section>\n\t\t\t\t<section class=\"elementor-section elementor-top-section elementor-element elementor-element-1ef4ed81 elementor-section-boxed elementor-section-height-default elementor-section-height-default\" data-id=\"1ef4ed81\" data-element_type=\"section\" data-e-type=\"section\">\n\t\t\t\t\t\t<div class=\"elementor-container elementor-column-gap-default\">\n\t\t\t\t\t<div class=\"elementor-column elementor-col-100 elementor-top-column elementor-element elementor-element-1f151778\" data-id=\"1f151778\" data-element_type=\"column\" data-e-type=\"column\">\n\t\t\t<div class=\"elementor-widget-wrap elementor-element-populated\">\n\t\t\t\t\t\t<div class=\"elementor-element elementor-element-44e350af elementor-widget elementor-widget-shortcode\" data-id=\"44e350af\" data-element_type=\"widget\" data-e-type=\"widget\" data-widget_type=\"shortcode.default\">\n\t\t\t\t\t\t\t<div class=\"elementor-shortcode\"><div class=\"share-links\">\n\t<h3><span style=\"color: #999999;\">Partager ce voyage&nbsp;:<\/span> Croisi\u00e8re Cara\u00efbes + Exploration de l'Amazone en 2025<\/h3>\n    \n\t<div class=\"share-links-wrap\">\n\t\t<a rel=\"nofollow\" target=\"_blank\" href=\"mailto:?subject=Je voulais que vous voyez ce voyage&amp;body=Consultez ce voyage : Croisi\u00e8re Cara\u00efbes + Exploration de l'Amazone en 2025 - https:\/\/mondedesylvieetpierre.ca\/voyage\/?p=44363\" title=\"Envoyez ce voyage \u00e0 un ami\"><i class=\"pw-icon-mail\"><\/i><\/a>\n        \t\t\n\t\t<a rel=\"nofollow\" target=\"_blank\" href=\"https:\/\/plus.google.com\/share?url=https:\/\/mondedesylvieetpierre.ca\/voyage\/?p=44363\" title=\"Partager sur Google+\"><i class=\"pw-icon-gplus\"><\/i><\/a>\n        \t\t\n\t\t<a rel=\"nofollow\" target=\"_blank\" href=\"http:\/\/twitter.com\/home?status=En train de lire: 'Croisi\u00e8re Cara\u00efbes + Exploration de l'Amazone en 2025' https:\/\/mondedesylvieetpierre.ca\/voyage\/?p=44363\" title=\"\ufeffPartager ce voyage avec vos amis !\"><i class=\"pw-icon-twitter\"><\/i><\/a>\n        \t\t\n\t\t<a rel=\"nofollow\" target=\"_blank\" href=\"http:\/\/www.facebook.com\/sharer.php?u=https:\/\/mondedesylvieetpierre.ca\/voyage\/?p=44363&amp;t=Croisi\u00e8re Cara\u00efbes + Exploration de l'Amazone en 2025\" title=\"Partager ce voyage sur Facebook\"><i class=\"pw-icon-facebook\"><\/i><\/a>\n\t<\/div>\n<\/div><\/div>\n\t\t\t\t\t\t<\/div>\n\t\t\t\t\t<\/div>\n\t\t<\/div>\n\t\t\t\t\t<\/div>\n\t\t<\/section>\n\t\t\t\t<section class=\"elementor-section elementor-top-section elementor-element elementor-element-6d2d5b40 elementor-section-boxed elementor-section-height-default elementor-section-height-default\" data-id=\"6d2d5b40\" data-element_type=\"section\" data-e-type=\"section\">\n\t\t\t\t\t\t<div class=\"elementor-container elementor-column-gap-default\">\n\t\t\t\t\t<div class=\"elementor-column elementor-col-100 elementor-top-column elementor-element elementor-element-4d94041e\" data-id=\"4d94041e\" data-element_type=\"column\" data-e-type=\"column\">\n\t\t\t<div class=\"elementor-widget-wrap elementor-element-populated\">\n\t\t\t\t\t\t<div class=\"elementor-element elementor-element-7cf06e4 elementor-widget-divider--view-line_text elementor-widget-divider--element-align-center elementor-widget elementor-widget-divider\" data-id=\"7cf06e4\" data-element_type=\"widget\" data-e-type=\"widget\" data-widget_type=\"divider.default\">\n\t\t\t\t\t\t\t<div class=\"elementor-divider\">\n\t\t\t<span class=\"elementor-divider-separator\">\n\t\t\t\t\t\t\t<span class=\"elementor-divider__text elementor-divider__element\">\n\t\t\t\tVoir d'autres voyages\t\t\t\t<\/span>\n\t\t\t\t\t\t<\/span>\n\t\t<\/div>\n\t\t\t\t\t\t<\/div>\n\t\t\t\t\t<\/div>\n\t\t<\/div>\n\t\t\t\t\t<\/div>\n\t\t<\/section>\n\t\t\t\t<section class=\"elementor-section elementor-top-section elementor-element elementor-element-67952107 elementor-section-boxed elementor-section-height-default elementor-section-height-default\" data-id=\"67952107\" data-element_type=\"section\" data-e-type=\"section\">\n\t\t\t\t\t\t<div class=\"elementor-container elementor-column-gap-default\">\n\t\t\t\t\t<div class=\"elementor-column elementor-col-25 elementor-top-column elementor-element elementor-element-6d5f5cac\" data-id=\"6d5f5cac\" data-element_type=\"column\" data-e-type=\"column\">\n\t\t\t<div class=\"elementor-widget-wrap elementor-element-populated\">\n\t\t\t\t\t\t<div class=\"elementor-element elementor-element-cd47d76 elementor-view-default elementor-widget elementor-widget-icon\" data-id=\"cd47d76\" data-element_type=\"widget\" data-e-type=\"widget\" data-widget_type=\"icon.default\">\n\t\t\t\t\t\t\t<div class=\"elementor-icon-wrapper\">\n\t\t\t<a class=\"elementor-icon\" href=\"https:\/\/mondedesylvieetpierre.ca\/voyage\/?p=45072\">\n\t\t\t<svg aria-hidden=\"true\" class=\"e-font-icon-svg e-far-caret-square-left\" viewBox=\"0 0 448 512\" xmlns=\"http:\/\/www.w3.org\/2000\/svg\"><path d=\"M272 157.1v197.8c0 10.7-13 16.1-20.5 8.5l-98.3-98.9c-4.7-4.7-4.7-12.2 0-16.9l98.3-98.9c7.5-7.7 20.5-2.3 20.5 8.4zM448 80v352c0 26.5-21.5 48-48 48H48c-26.5 0-48-21.5-48-48V80c0-26.5 21.5-48 48-48h352c26.5 0 48 21.5 48 48zm-48 346V86c0-3.3-2.7-6-6-6H54c-3.3 0-6 2.7-6 6v340c0 3.3 2.7 6 6 6h340c3.3 0 6-2.7 6-6z\"><\/path><\/svg>\t\t\t<\/a>\n\t\t<\/div>\n\t\t\t\t\t\t<\/div>\n\t\t\t\t\t<\/div>\n\t\t<\/div>\n\t\t\t\t<div class=\"elementor-column elementor-col-25 elementor-top-column elementor-element elementor-element-5afc93a4\" data-id=\"5afc93a4\" data-element_type=\"column\" data-e-type=\"column\">\n\t\t\t<div class=\"elementor-widget-wrap elementor-element-populated\">\n\t\t\t\t\t\t<div class=\"elementor-element elementor-element-36dc1e3 elementor-widget elementor-widget-heading\" data-id=\"36dc1e3\" data-element_type=\"widget\" data-e-type=\"widget\" data-widget_type=\"heading.default\">\n\t\t\t\t\t<h2 class=\"elementor-heading-title elementor-size-medium\">Croisi\u00e8re C\u00f4te Atlantique coloniale 2025<\/h2>\t\t\t\t<\/div>\n\t\t\t\t\t<\/div>\n\t\t<\/div>\n\t\t\t\t<div class=\"elementor-column elementor-col-25 elementor-top-column elementor-element elementor-element-406d0d3e\" data-id=\"406d0d3e\" data-element_type=\"column\" data-e-type=\"column\">\n\t\t\t<div class=\"elementor-widget-wrap elementor-element-populated\">\n\t\t\t\t\t\t<div class=\"elementor-element elementor-element-2f3a604d elementor-widget elementor-widget-heading\" data-id=\"2f3a604d\" data-element_type=\"widget\" data-e-type=\"widget\" data-widget_type=\"heading.default\">\n\t\t\t\t\t<h2 class=\"elementor-heading-title elementor-size-medium\">Croisi\u00e8re Gr\u00e8ce \u2014 Turquie \u2014 Chypre en 2024<\/h2>\t\t\t\t<\/div>\n\t\t\t\t\t<\/div>\n\t\t<\/div>\n\t\t\t\t<div class=\"elementor-column elementor-col-25 elementor-top-column elementor-element elementor-element-c3c1cd\" data-id=\"c3c1cd\" data-element_type=\"column\" data-e-type=\"column\">\n\t\t\t<div class=\"elementor-widget-wrap elementor-element-populated\">\n\t\t\t\t\t\t<div class=\"elementor-element elementor-element-727e118a elementor-view-default elementor-widget elementor-widget-icon\" data-id=\"727e118a\" data-element_type=\"widget\" data-e-type=\"widget\" data-widget_type=\"icon.default\">\n\t\t\t\t\t\t\t<div class=\"elementor-icon-wrapper\">\n\t\t\t<a class=\"elementor-icon\" href=\"https:\/\/mondedesylvieetpierre.ca\/voyage\/?p=44079\">\n\t\t\t<svg aria-hidden=\"true\" class=\"e-font-icon-svg e-far-caret-square-right\" viewBox=\"0 0 448 512\" xmlns=\"http:\/\/www.w3.org\/2000\/svg\"><path d=\"M176 354.9V157.1c0-10.7 13-16.1 20.5-8.5l98.3 98.9c4.7 4.7 4.7 12.2 0 16.9l-98.3 98.9c-7.5 7.7-20.5 2.3-20.5-8.4zM448 80v352c0 26.5-21.5 48-48 48H48c-26.5 0-48-21.5-48-48V80c0-26.5 21.5-48 48-48h352c26.5 0 48 21.5 48 48zm-48 346V86c0-3.3-2.7-6-6-6H54c-3.3 0-6 2.7-6 6v340c0 3.3 2.7 6 6 6h340c3.3 0 6-2.7 6-6z\"><\/path><\/svg>\t\t\t<\/a>\n\t\t<\/div>\n\t\t\t\t\t\t<\/div>\n\t\t\t\t\t<\/div>\n\t\t<\/div>\n\t\t\t\t\t<\/div>\n\t\t<\/section>\n\t\t\t\t<\/div>\n\t\t","protected":false},"excerpt":{"rendered":"<p>Notre croisi\u00e8re Cara\u00efbes + Exploration de l&rsquo;Amazone, soit d\u2019une dur\u00e9e de 27\u00a0jours du 8\u00a0f\u00e9vrier au 7\u00a0mars en\u00a02025, avec le MS\u00a0Zaandam de la compagnie d\u2019Holland\u00a0America\u00a0Line.<\/p>\n","protected":false},"author":1,"featured_media":0,"comment_status":"closed","ping_status":"closed","sticky":false,"template":"elementor_header_footer","format":"standard","meta":{"footnotes":""},"categories":[213],"tags":[],"class_list":["post-44363","post","type-post","status-publish","format-standard","hentry","category-caraibes-amazone_2025"],"_links":{"self":[{"href":"https:\/\/mondedesylvieetpierre.ca\/voyage\/index.php?rest_route=\/wp\/v2\/posts\/44363","targetHints":{"allow":["GET"]}}],"collection":[{"href":"https:\/\/mondedesylvieetpierre.ca\/voyage\/index.php?rest_route=\/wp\/v2\/posts"}],"about":[{"href":"https:\/\/mondedesylvieetpierre.ca\/voyage\/index.php?rest_route=\/wp\/v2\/types\/post"}],"author":[{"embeddable":true,"href":"https:\/\/mondedesylvieetpierre.ca\/voyage\/index.php?rest_route=\/wp\/v2\/users\/1"}],"replies":[{"embeddable":true,"href":"https:\/\/mondedesylvieetpierre.ca\/voyage\/index.php?rest_route=%2Fwp%2Fv2%2Fcomments&post=44363"}],"version-history":[{"count":0,"href":"https:\/\/mondedesylvieetpierre.ca\/voyage\/index.php?rest_route=\/wp\/v2\/posts\/44363\/revisions"}],"wp:attachment":[{"href":"https:\/\/mondedesylvieetpierre.ca\/voyage\/index.php?rest_route=%2Fwp%2Fv2%2Fmedia&parent=44363"}],"wp:term":[{"taxonomy":"category","embeddable":true,"href":"https:\/\/mondedesylvieetpierre.ca\/voyage\/index.php?rest_route=%2Fwp%2Fv2%2Fcategories&post=44363"},{"taxonomy":"post_tag","embeddable":true,"href":"https:\/\/mondedesylvieetpierre.ca\/voyage\/index.php?rest_route=%2Fwp%2Fv2%2Ftags&post=44363"}],"curies":[{"name":"wp","href":"https:\/\/api.w.org\/{rel}","templated":true}]}}